{"id":17937,"date":"2022-11-30T06:42:45","date_gmt":"2022-11-30T06:42:45","guid":{"rendered":"https:\/\/profeel.bzh\/wordpress\/?p=17937"},"modified":"2022-11-30T06:42:45","modified_gmt":"2022-11-30T06:42:45","slug":"rencontres-photo-d-arles-programme","status":"publish","type":"post","link":"https:\/\/profeel.bzh\/wordpress\/rencontres-photo-d-arles-programme\/","title":{"rendered":"Rencontres photo d arles programme"},"content":{"rendered":"<p>May 7, 2015 Retrouvez toute lactualit\u00e9 du festival photo incontournable de l\u00e9t\u00e9. 2, 2 km de murs dexposition, 4 500 litres de peinture, 35 expositions Jul 5, 2021 Le point sur le programme qui va prendre possession dArles, mais qui s\u00e9tendra aussi \u00e0 Marseille, Saint-R\u00e9my-de-Provence, N\u00eemes Gard, Avignon Cinquante ans de Rencontres dArles Arles, les Rencontres de la. Seraient invit\u00e9s \u00e0 d\u00e9velopper leur propos sur la photographie dans un programme qui Tout l\u00e9t\u00e9, les rencontres investissent la cit\u00e9 antique dArles, des jardins aux lieux patrimoniaux, d\u00e9livrant une constellation dexposition photographiques D\u00e9couvrez lagenda des festivals dArles. Des Rencontres de la Photographie au Dr\u00f4le de Carnaval, la Provence f\u00eate lart Ces derni\u00e8res ann\u00e9es, les Rencontres dArles ont invit\u00e9 de nombreux commissaires et ont confi\u00e9 certains de ses programmes \u00e0 des personnalit\u00e9s telles que Martin Jul 5, 2021 Christoph Wiesner a \u00e9galement tenu \u00e0 r\u00e9interpr\u00e9ter le programme de 2020, qui portait sur la photo comme outil de r\u00e9sistance. Parmi les Jul 5, 2021 Le nouveau directeur des Rencontres dArles, Christoph Wiesner, photographi\u00e9 devant les ar\u00e8nes de la ville, 10 juin 2021 Apr 16, 2021 Les 52es Rencontres de la photographie dArles sadaptent \u00e0 la. La Villa M\u00e9dicis apr\u00e8s avoir programm\u00e9 les Rencontres 2020 annul\u00e9es Jan 15, 2022 Gymnase coll\u00e8ge Jacques Pr\u00e9vert, le samedi 15 janvier 2022 \u00e0 09: 00. Programme de la journ\u00e9e: 9h00-10h30: 1ers ateliers Hache Nov 24, 2020 Les Rencontres photographiques dArles c\u00e9l\u00e8brent leur 50\u00e8me \u00e9dition cette ann\u00e9e. A cette occasion, les femmes photographes sont \u00e0 <img decoding=\"async\" src=\"https:\/\/www.picto.fr\/wp-content\/uploads\/2016\/07\/Arles-730.jpg\" alt=\"rencontres photo d arles programme\" align=\"left\"> <img decoding=\"async\" src=\"https:\/\/img.lemde.fr\/2021\/07\/04\/470\/0\/5644\/2822\/1440\/720\/60\/0\/01d0301_5150012-01-06.jpg\" alt=\"rencontres photo d arles programme\" align=\"center\"> <img decoding=\"async\" src=\"https:\/\/img.lemde.fr\/2020\/03\/13\/275\/0\/9000\/4496\/1440\/720\/60\/0\/7a60564_RQvoTTcsVubfdc9LrvB6LZ8w.jpg\" alt=\"rencontres photo d arles programme\" align=\"right\"> Fid\u00e8le \u00e0 ses lignes directrices, les Rencontres dArles 2021 mettent aussi bien en lumi\u00e8re lhistoire de la photographie que ses productions les plus Cinq laur\u00e9ates ont \u00e9t\u00e9 choisies par le programme de mentorat lanc\u00e9 cette ann\u00e9e par le r\u00e9seau f\u00e9minin Les Filles de la Photo, qui se veut un acc\u00e9l\u00e9rateur de Jun 28, 2021 Pour accompagner les Rencontres de la photographie dArles, qui auront lieu du 4 juillet au 26 septembre, plusieurs ouvrages sont Jul 19, 2021 Employ\u00e9e comme outil dobservation de la soci\u00e9t\u00e9 dalors, la photographie lui sert dans les ann\u00e9es 1930 \u00e0 cr\u00e9er des photomontages XXL engag\u00e9s o\u00f9 112 000 visiteurs repr\u00e9sentant pr\u00e8s d1 million de visites dexpositions 35 expos au programme officiel, plus les 10 expositions du Grand Arles Express.<\/p>\n","protected":false},"excerpt":{"rendered":"<p>May 7, 2015 Retrouvez toute lactualit\u00e9 du festival photo incontournable de l\u00e9t\u00e9. 2, 2 km de murs dexposition, 4 500 litres de peinture, 35 expositions Jul 5, 2021 Le point sur le programme qui va prendre possession dArles, mais qui s\u00e9tendra aussi \u00e0 Marseille, Saint-R\u00e9my-de-Provence, N\u00eemes Gard, Avignon Cinquante ans de Rencontres dArles Arles, les [&hellip;]<\/p>\n","protected":false},"author":1,"featured_media":0,"comment_status":"closed","ping_status":"closed","sticky":false,"template":"","format":"standard","meta":{"footnotes":""},"categories":[],"tags":[],"class_list":["post-17937","post","type-post","status-publish","format-standard","hentry"],"_links":{"self":[{"href":"https:\/\/profeel.bzh\/wordpress\/wp-json\/wp\/v2\/posts\/17937","targetHints":{"allow":["GET"]}}],"collection":[{"href":"https:\/\/profeel.bzh\/wordpress\/wp-json\/wp\/v2\/posts"}],"about":[{"href":"https:\/\/profeel.bzh\/wordpress\/wp-json\/wp\/v2\/types\/post"}],"author":[{"embeddable":true,"href":"https:\/\/profeel.bzh\/wordpress\/wp-json\/wp\/v2\/users\/1"}],"replies":[{"embeddable":true,"href":"https:\/\/profeel.bzh\/wordpress\/wp-json\/wp\/v2\/comments?post=17937"}],"version-history":[{"count":0,"href":"https:\/\/profeel.bzh\/wordpress\/wp-json\/wp\/v2\/posts\/17937\/revisions"}],"wp:attachment":[{"href":"https:\/\/profeel.bzh\/wordpress\/wp-json\/wp\/v2\/media?parent=17937"}],"wp:term":[{"taxonomy":"category","embeddable":true,"href":"https:\/\/profeel.bzh\/wordpress\/wp-json\/wp\/v2\/categories?post=17937"},{"taxonomy":"post_tag","embeddable":true,"href":"https:\/\/profeel.bzh\/wordpress\/wp-json\/wp\/v2\/tags?post=17937"}],"curies":[{"name":"wp","href":"https:\/\/api.w.org\/{rel}","templated":true}]}}