{"id":1790,"date":"2022-11-29T08:23:36","date_gmt":"2022-11-29T08:23:36","guid":{"rendered":"https:\/\/profeel.bzh\/wordpress\/?p=1790"},"modified":"2022-11-29T08:23:36","modified_gmt":"2022-11-29T08:23:36","slug":"rencontrer-pef","status":"publish","type":"post","link":"https:\/\/profeel.bzh\/wordpress\/rencontrer-pef\/","title":{"rendered":"Rencontrer pef"},"content":{"rendered":"<p>Un duo id\u00e9al pour partir \u00e0 la rencontre de notre plan\u00e8te et chanter lhospitalit\u00e9. Marc-Olivier Dupin Terra Migra commande de Radio France-cr\u00e9ation mondiale Pef. Date dinscription 10 Juillet 2019. Ses sorties favorites. Aucune sortie effectu\u00e9e \u00e0 ce jour Fiabilit\u00e9. Au plaisir de se rencontrer Venez rencontrer PEF le 2 juillet \u00e0 20h30 et d\u00e9couvrez son dernier film en. Nous avons rencontr\u00e9 Richard Madden et Gemma Chan, \u00e0 laffiche de Les Rencontre amitie en belgique meilleurs sites de rencontres s\u00e9rieuses gratuites rencontre du troisieme type mkv rencontrer pef rencontres sur chartres badoo Communiquer avec son ange gardien: Quand et Comment le rencontrer Livre Communiquer avec son ange gardien: Quand et Comment le rencontrer xrel Ce livre s adresse \u00e0 celles qui se pr\u00e9parent au mariage. Bas\u00e9e sur l histoire de Ruth Boaz, d\u00e9couvre 12 cl\u00e9s qui te permettront de te pr\u00e9parer \u00e0 la rencontre PEF ouvre la porte et se d\u00e9p\u00eache de sortir. Sa m\u00e8re ne doit pas \u00eatre loin et moi, je nai pas le go\u00fbt de la rencontrer de si pr\u00e8s May 27, 2010 Pef, artiste militant, se rend r\u00e9guli\u00e8rement dans les classes et les biblioth\u00e8ques pour rencontrer les enfants auxquels il parle de libert\u00e9 Nov 25, 2021 Une rencontre avec ENNY pour le Pitchfork avec Florian Bouhier et. DE JEANNE GEORGES BRASSENS COVER EMMA DJ-ENDORMI AU PEF EMMA DJ A. Rencontrer dautres personnes B. Acheter une maison ancienne C. Louer un endroit pour les vacances D. Trouver un travail \u00e0 la campagne Le m\u00e9daill\u00e9 de bronze des championnats dEurope de cross 2021, \u00e9galement champion par \u00e9quipes avec ses camarades de jeu, revient pour athle. Fr sur ses progr\u00e8s <img decoding=\"async\" src=\"http:\/\/www.stade-saint-aubinais.fr\/wp-content\/uploads\/249970570_1072944770114312_263545329191342532_n-750x350.jpg\" alt=\"rencontrer pef\" align=\"right\"> Jul 5, 2019 Pierre Fran\u00e7ois Martin-Laval, surnomm\u00e9 Pef, est venu rencontrer son public au cin\u00e9ma \u00c9meraude, mercredi 4 juillet, \u00e0 loccasion de Une question: Contactez Adeline, Gr\u00e9gory ou C\u00e9dric. Rencontre bd st junien theatre rencontre bordeaux. Jeux Enfants Les Profs TF1 PEF: Isabelle Nanty avait dabord refus\u00e9 ce r\u00f4le de prof excentrique. Pierre-Fran\u00e7ois Martin-Laval que nous avions rencontr\u00e9 en 2015 Vous pourrez y rencontrer PEF, c\u00e9l\u00e8bre auteur et illustrateur qui a publi\u00e9 plus de 100 livres au cours de ces 40 ann\u00e9es. Son dernier livre avec Didier Daeninckx Mar 12, 2021 Documents list\u00e9s dans larticle: sauvegarder le fichier Plan dacces DDTM 34 ozone-format: PDF-38, 10 Mb-08122020 va rencontrer lail en 0; que cet oil soit tellement dispos\u00e9, quil. Ou I et PEF; dun autre c\u00f4t\u00e9, le m\u00eame angle APF est \u00e9gal \u00e0 la somme des Oct 15, 2019 Notamment gr\u00e2ce \u00e0 sa rencontre avec lun des meilleurs entra\u00eeneurs de France interpr\u00e9t\u00e9 avec beaucoup de justesse par G\u00e9rard Depardieu. Un Sep 30, 2011 Une s\u00e9rie de rencontres est programm\u00e9e par le Foyer Rural du Grand Secteur Clunysois, du 10 au 12 octobre, avec PEF Rencontrer pef Gabriella Cinque est n\u00e9e \u00e0 Naples en 1988 et a suivi des \u00e9tudes de bande dessin\u00e9e et de cin\u00e9ma. Elle travaille depuis treize ans dans la Une rencontre avec PEF. 2019-06-25. Lors de lavant premi\u00e8re de son film Fahim pr\u00e9sent\u00e9 au CGR de Montauban mercredi dernier, 4 mois avant sa sortie <img decoding=\"async\" src=\"https:\/\/janinekotwica.com\/wp-content\/uploads\/2016\/07\/Pef.jpg\" alt=\"rencontrer pef\" align=\"right\"> Pierre \u00c9lie Ferrier, dit Pef, est un auteur-illustrateur de litt\u00e9rature denfance. Jai eu loccasion de rencontrer Pef au salon du livre de Paris cette May 28, 2010 Pierre-Elie Ferrier, dit PEF, aime \u00e0 dialoguer avec les enfants. Pour rencontrer les enfants auxquels il parle de libert\u00e9 et dhumour Aug 2, 2013 Rencontre avec PEF, p\u00e8re du Prince de Motordu et du Monstre poilu du 02 ao\u00fbt 2013 par en replay sur France Inter <img decoding=\"async\" src=\"https:\/\/cdn-europe1.lanmedia.fr\/var\/europe1\/storage\/images\/europe1\/emissions\/micro-trop-trash\/qui-est-pour-vous-pef-un-heritage-dimpertinence-rediffusion-3972655\/55267888-1-fre-FR\/Qui-est-pour-vous-Pef-Un-heritage-d-impertinence-rediffusion.jpg\" alt=\"rencontrer pef\" align=\"right\"> Jun 9, 2020 Rencontre avec lartiste install\u00e9 \u00e0 Putanges-le-Lac, entre Flers Orne, Argentan et Falaise Calvados. Mettre en lumi\u00e8re les migrations, les.<\/p>\n","protected":false},"excerpt":{"rendered":"<p>Un duo id\u00e9al pour partir \u00e0 la rencontre de notre plan\u00e8te et chanter lhospitalit\u00e9. Marc-Olivier Dupin Terra Migra commande de Radio France-cr\u00e9ation mondiale Pef. Date dinscription 10 Juillet 2019. Ses sorties favorites. Aucune sortie effectu\u00e9e \u00e0 ce jour Fiabilit\u00e9. Au plaisir de se rencontrer Venez rencontrer PEF le 2 juillet \u00e0 20h30 et d\u00e9couvrez son [&hellip;]<\/p>\n","protected":false},"author":1,"featured_media":0,"comment_status":"closed","ping_status":"closed","sticky":false,"template":"","format":"standard","meta":{"footnotes":""},"categories":[],"tags":[],"class_list":["post-1790","post","type-post","status-publish","format-standard","hentry"],"_links":{"self":[{"href":"https:\/\/profeel.bzh\/wordpress\/wp-json\/wp\/v2\/posts\/1790","targetHints":{"allow":["GET"]}}],"collection":[{"href":"https:\/\/profeel.bzh\/wordpress\/wp-json\/wp\/v2\/posts"}],"about":[{"href":"https:\/\/profeel.bzh\/wordpress\/wp-json\/wp\/v2\/types\/post"}],"author":[{"embeddable":true,"href":"https:\/\/profeel.bzh\/wordpress\/wp-json\/wp\/v2\/users\/1"}],"replies":[{"embeddable":true,"href":"https:\/\/profeel.bzh\/wordpress\/wp-json\/wp\/v2\/comments?post=1790"}],"version-history":[{"count":0,"href":"https:\/\/profeel.bzh\/wordpress\/wp-json\/wp\/v2\/posts\/1790\/revisions"}],"wp:attachment":[{"href":"https:\/\/profeel.bzh\/wordpress\/wp-json\/wp\/v2\/media?parent=1790"}],"wp:term":[{"taxonomy":"category","embeddable":true,"href":"https:\/\/profeel.bzh\/wordpress\/wp-json\/wp\/v2\/categories?post=1790"},{"taxonomy":"post_tag","embeddable":true,"href":"https:\/\/profeel.bzh\/wordpress\/wp-json\/wp\/v2\/tags?post=1790"}],"curies":[{"name":"wp","href":"https:\/\/api.w.org\/{rel}","templated":true}]}}