{"id":17889,"date":"2022-11-30T06:39:02","date_gmt":"2022-11-30T06:39:02","guid":{"rendered":"https:\/\/profeel.bzh\/wordpress\/?p=17889"},"modified":"2022-11-30T06:39:02","modified_gmt":"2022-11-30T06:39:02","slug":"cafe-rencontre-asperger","status":"publish","type":"post","link":"https:\/\/profeel.bzh\/wordpress\/cafe-rencontre-asperger\/","title":{"rendered":"Caf\u00e9 rencontre asperger"},"content":{"rendered":"<p>Dec 16, 2019 Samedi 21 \u00e0 14h au stade route dOndes jeunes adultes \u00e0 partir de 17 ans de 0 \u00e0 10-sur inscription Rencontre avec de jeunes autistes Caf\u00e9-Rencontre Respir. Lassociation Respir Bourgogne organise r\u00e9guli\u00e8rement les samedis apr\u00e8s-midi, un Caf\u00e9 Rencontre pour personnes avec troubles du Jun 30, 2013 C La Sant\u00e9: Syndrome dAsperger, le diagnostic Next: Lautisme 22-C la Sant\u00e9 Rencontre Autistik 2: T\u00e9moignage de Josef Schovanec Je Caf\u00e9s Rencontre. Ces rencontres sympathiques, autour dune collation, sont ouvertes \u00e0 tous. Elles sont loccasion d\u00e9changer avec dautres familles qui Sep 9, 2021 Recherchons b\u00e9n\u00e9vole ayant une exp\u00e9rience dans le domaine m\u00e9dico-social pour assurer la logistique dun Caf\u00e9-Rencontre Asperger autistes Mar 27, 2019 Lors de ce caf\u00e9rencontre, si vous l\u00e9 d\u00e9sirez, un accueilgarderie est \u00e0 votre disposition sur inscription pr\u00e9alable. Cette accueil est Ot\u00e9ma TSA souhaite favoriser les rencontres entre personnes avec autisme. Lobjectif est d\u00e9changer sur diff\u00e9rents sujets et denvisager diff\u00e9rentes Caf\u00e9s rencontre ASPERGER APACA anim\u00e9s par la psychologue Madame Alexandrine SOLENNE psychologue, Adultes Aspergers vous serez comme des Pachas ou des poissons Rencontre homme rion des landes contact rencontres reims site de rencontre musulmans gratuit eve angeli rencontre britney spears rencontre hebdomadaire 4 days ago Tesla, que M. Musk dirige depuis 2008, a \u00e9galement connu une ann\u00e9e. Il a r\u00e9v\u00e9l\u00e9 \u00e0 cette occasion \u00eatre atteint du syndrome dAsperger Caf\u00e9 Rencontre Asperger. Mar 09 2020 Off. Caf-brasserie La Corniche. Le Caf-Rencontre est ouvert aux adolescents et adultes prsentant un Trouble du Spectre Sep 27, 2013 Voici un forum d\u00e9di\u00e9 au Rencontres entre aspergers. Peuvent aussi cr\u00e9er une publicit\u00e9 pour un caf\u00e9 rencontre cr\u00e9e par eux-m\u00eames ou pas Jun 6, 2016 Il y a dans la population un certain nombre de femmes Asperger, Et au Caf\u00e9 rencontre Asperger Amiti\u00e9, Myriam Sarbac, Lise Mal\u00e9z\u00e9 Is\u00e8re: Franck Derrien, autiste Asperger et randonneur \u00e0 succ\u00e8s. REPORTAGE-Cap au bord de loc\u00e9an Atlantique \u00e0 la rencontre dun surfeur atypique Le Caf\u00e9-Rencontre Aspies Hours ouvert aux adolescents et adultes atteints par le syndrome dAsperger. La Corniche 2 Boulevard Winston Churchill \u00e0 La PDF T\u00e9l\u00e9charger PDF R\u00e9pertoire des ressources associatives en Paca accueillant et Caf\u00e9-rencontre Asperger Ado Caf\u00e9 rencontre Asperger Ado Valence Tu as <img decoding=\"async\" src=\"https:\/\/p6.storage.canalblog.com\/69\/18\/248765\/117685797.jpg\" alt=\"caf\u00e9 rencontre asperger\" align=\"right\"> Nb: du \u00e0 un afflux important au caf\u00e9, il est demand\u00e9 pour les nouvelles familles de venir lors des inscriptions et pour rencontrer nos psychologues et nos 19 hours ago Lhistoire de Bobochic commence en 2015 dans un caf\u00e9 parisien avec S\u00e9bastien R\u00e9a et Emmanuel Mendes, les deux fondateurs de la marque Cam\u00e9ra caf\u00e9 revient, toujours aussi b\u00eate et m\u00e9chant, au printemps 2022. Sur fond de tricheries, le jeu daventures de TF1 a connu lors de sa finale une Aug 13, 2017 Mercredi 23 ao\u00fbt, pour la premi\u00e8re fois \u00e0 Mulhouse, un caf\u00e9-rencontre pour autistes Asperger adultes, aura lieu au Caf\u00e9 Tilvist D\u00e9couvrez Rencontres asperger co \u00e0 Grenoble. Caf\u00e9-Restaurant Atypik \u00e0 Grenoble. Du samedi 10 f\u00e9vrier 2018 au samedi 10 f\u00e9vrier 2018-De 14h00 \u00e0 18h00-Avant de venir \u00e0 un caf\u00e9-rencontre pour la premi\u00e8re fois, informez-vous au pr\u00e9alable aupr\u00e8s de lassociation pour savoir sil faut r\u00e9server ou payer \u00e0 l <img decoding=\"async\" src=\"https:\/\/www.talenteo.fr\/app\/uploads\/2018\/05\/195.jpeg\" alt=\"caf\u00e9 rencontre asperger\" align=\"right\"> <img decoding=\"async\" src=\"https:\/\/a-fleur-de-peau-88.webself.net\/file\/si1254608\/ASSOCIATION AUTISME ASPERGER A FLEUR DE PEAU-fi31769244x240.jpg\" alt=\"caf\u00e9 rencontre asperger\" align=\"right\"> Diagnostiqu\u00e9e autiste asperger en 2013, Coralie Adato a longtemps cherch\u00e9 son. Apr\u00e8s le caf\u00e9 langues on pourrait offrir le caf\u00e9 sant\u00e9 mentale et lutte.<\/p>\n","protected":false},"excerpt":{"rendered":"<p>Dec 16, 2019 Samedi 21 \u00e0 14h au stade route dOndes jeunes adultes \u00e0 partir de 17 ans de 0 \u00e0 10-sur inscription Rencontre avec de jeunes autistes Caf\u00e9-Rencontre Respir. Lassociation Respir Bourgogne organise r\u00e9guli\u00e8rement les samedis apr\u00e8s-midi, un Caf\u00e9 Rencontre pour personnes avec troubles du Jun 30, 2013 C La Sant\u00e9: Syndrome dAsperger, le [&hellip;]<\/p>\n","protected":false},"author":1,"featured_media":0,"comment_status":"closed","ping_status":"closed","sticky":false,"template":"","format":"standard","meta":{"footnotes":""},"categories":[],"tags":[],"class_list":["post-17889","post","type-post","status-publish","format-standard","hentry"],"_links":{"self":[{"href":"https:\/\/profeel.bzh\/wordpress\/wp-json\/wp\/v2\/posts\/17889","targetHints":{"allow":["GET"]}}],"collection":[{"href":"https:\/\/profeel.bzh\/wordpress\/wp-json\/wp\/v2\/posts"}],"about":[{"href":"https:\/\/profeel.bzh\/wordpress\/wp-json\/wp\/v2\/types\/post"}],"author":[{"embeddable":true,"href":"https:\/\/profeel.bzh\/wordpress\/wp-json\/wp\/v2\/users\/1"}],"replies":[{"embeddable":true,"href":"https:\/\/profeel.bzh\/wordpress\/wp-json\/wp\/v2\/comments?post=17889"}],"version-history":[{"count":0,"href":"https:\/\/profeel.bzh\/wordpress\/wp-json\/wp\/v2\/posts\/17889\/revisions"}],"wp:attachment":[{"href":"https:\/\/profeel.bzh\/wordpress\/wp-json\/wp\/v2\/media?parent=17889"}],"wp:term":[{"taxonomy":"category","embeddable":true,"href":"https:\/\/profeel.bzh\/wordpress\/wp-json\/wp\/v2\/categories?post=17889"},{"taxonomy":"post_tag","embeddable":true,"href":"https:\/\/profeel.bzh\/wordpress\/wp-json\/wp\/v2\/tags?post=17889"}],"curies":[{"name":"wp","href":"https:\/\/api.w.org\/{rel}","templated":true}]}}