{"id":17573,"date":"2022-11-30T06:12:43","date_gmt":"2022-11-30T06:12:43","guid":{"rendered":"https:\/\/profeel.bzh\/wordpress\/?p=17573"},"modified":"2022-11-30T06:12:43","modified_gmt":"2022-11-30T06:12:43","slug":"rencontre-arts","status":"publish","type":"post","link":"https:\/\/profeel.bzh\/wordpress\/rencontre-arts\/","title":{"rendered":"Rencontre arts"},"content":{"rendered":"<p>Notre prochaine rencontre professionnelle est avec Artistes Occitanie, media on-line autour des arts plastiques, graphiques et visuels. Elle est anim\u00e9e par Anne Oct 9, 2020 Rencontre organis\u00e9e \u00e0 loccasion du 30\u00e8me anniversaire de lObservatoire des politiques culturelles, en collaboration avec lOARA et en LA RENCONTRE DES ARTS. DU 13 AU 30 JUILLET. D\u00e9couvrez les \u0153uvres de tous styles, toutes techniques des artistes professionnels et amateurs de lassociation Mar 18, 2008. Massif du Sancy se pare de couleurs \u00e9tonnantes. 10 artistes ont investis 10 lieux, initiant la rencontre rapport entre lart et la nature 19 hours ago Lichtyotaxidermie, cest la naturalisation des esp\u00e8ces marines: un savoir faire qui se trouve entre lartisanat, lart et la science Education, lart de la rencontre. Albert Jacquard met en \u00e9vidence limportance de la communaut\u00e9 humaine dans l\u00e9volution de chacun. Selon lui, l\u00e9ducation nest Picth: Baptiste, 37 ans, c\u00e9libataire, gay, se sent p\u00e9rim\u00e9 dans sa vie et perdu dans les nouveaux moyens de rencontres sentimentales. Cest pas Jan 25, 2019 Rencontres des Arts. Pour c\u00e9l\u00e9brer cette nouvelle ann\u00e9e, nous vous proposons de passer une soir\u00e9e ensembles autour des Arts. Nous vous Avec un parcours riche en exp\u00e9riences, dans de grands palaces parisiens jusquen Tha\u00eflande, puis chez Top Chef, aujourdhui Pierre Chomet a accept\u00e9 de cr\u00e9er Nov 26, 2021 Com\u00e9diens, chanteurs et musiciens vont \u00e0 la rencontre des r\u00e9sidents. Danse et musique orientale Cie Terre des arts-Salle association Rencontre arts vivantsd\u00e9partements. Les actualit\u00e9s des spectacles et manifestations dans le Gers. Annuaire et agenda des animations et activit\u00e9s Abonnez-vous \u00e0 notre newsletter et restez inform\u00e9s des activit\u00e9s du mus\u00e9e et de ses prochaines expositions Newsletter. Logo Gadagne Mus\u00e9e des arts de la 13 hours ago Rencontre avec un artiste discr\u00e8tement flamboyante. \u00c9milie Cazenave DR. Quel est votre premier souvenir dart vivant. La Cerisaie, avec Marie 17 hours ago Lartiste Fanny Crenn, alias Odette Picaud, dont le travail est actuellement expos\u00e9 au Centre des arts Andr\u00e9-Malraux, \u00e0 Douarnenez Finist\u00e8re En effet, la notion de beaux-arts ne figure nulle part dans la Somme th\u00e9ologique de saint Thomas dAquin. Lorsquil est question dart, il est plut\u00f4t vu Oct 16, 2021 Lart sinvite dans les rues dAngers avec \u00c9chapp\u00e9es dart Les Rencontres des arts visuels dAngers invitent \u00e0 penser, les 15 et 16 octobre 14 hours ago La rencontre de Betclic \u00c9lite pr\u00e9vue dimanche 19 d\u00e9cembre entre lAsvel et Nanterre a \u00e9t\u00e9 annul\u00e9e. Leffectif du club parisien est touch\u00e9 Sep 29, 2014 Sami Kanaan, Maire de Gen\u00e8ve, en charge du D\u00e9partement de la culture et du sport, vient \u00e0 la rencontre de plus de 140 professionnels des arts de <img decoding=\"async\" src=\"https:\/\/www.bonjourquebec.com\/fiche\/images\/crop-1200x1200\/d9406be5-f61f-498f-8270-842cd34074d7\/rencontre-des-arts-rencontre-des-arts.jpg\" alt=\"rencontre arts\" align=\"center\"> Mar 5, 2019 Rencontre Arts en mai 2019 \u00e0 Redon 35-Redon 35600. Expositions-ateliers-performances-rencontres-prestations Rencontre-pratique-connaissance. Rencontres autour des oeuvres. Fiches chaarp groupe constitu\u00e9 des professeurs darts plastiques charg\u00e9s Le plus important rassemblement dartistes en Mont\u00e9r\u00e9gie. Cet \u00e9v\u00e9nement prestigieux r\u00e9unit plus de 70 peintres et sculpteurs A la rencontre des arts corquilleroy pr\u00e8s montargis sortie famille loiret. Venez en famille \u00c0 la rencontre des arts \u00e0 la salle des f\u00eates de Rencontrer un c\u00e9libataire pratiquants dun art-martial. Vous aviez en t\u00eate que les arts-martiaux n\u00e9tait qu une activit\u00e9 sportive Aug 14, 2018 Les 17, 18 et 19 ao\u00fbt, lAssociation LAbbadiale, la librairie Le Kairn et la commune dArras-en-Lavedan proposent un week-end artistique <img decoding=\"async\" src=\"https:\/\/www.carquefou.fr\/medias\/2021\/08\/Bandeau-Rencontre-du-savoir-recto-2021-22.jpg\" alt=\"rencontre arts\" align=\"center\"> <img decoding=\"async\" src=\"https:\/\/beauxartsparis.fr\/sites\/default\/files\/2022-02\/marcus-coate.jpg\" alt=\"rencontre arts\" align=\"center\">.<\/p>\n","protected":false},"excerpt":{"rendered":"<p>Notre prochaine rencontre professionnelle est avec Artistes Occitanie, media on-line autour des arts plastiques, graphiques et visuels. Elle est anim\u00e9e par Anne Oct 9, 2020 Rencontre organis\u00e9e \u00e0 loccasion du 30\u00e8me anniversaire de lObservatoire des politiques culturelles, en collaboration avec lOARA et en LA RENCONTRE DES ARTS. DU 13 AU 30 JUILLET. D\u00e9couvrez les \u0153uvres [&hellip;]<\/p>\n","protected":false},"author":1,"featured_media":0,"comment_status":"closed","ping_status":"closed","sticky":false,"template":"","format":"standard","meta":{"footnotes":""},"categories":[],"tags":[],"class_list":["post-17573","post","type-post","status-publish","format-standard","hentry"],"_links":{"self":[{"href":"https:\/\/profeel.bzh\/wordpress\/wp-json\/wp\/v2\/posts\/17573","targetHints":{"allow":["GET"]}}],"collection":[{"href":"https:\/\/profeel.bzh\/wordpress\/wp-json\/wp\/v2\/posts"}],"about":[{"href":"https:\/\/profeel.bzh\/wordpress\/wp-json\/wp\/v2\/types\/post"}],"author":[{"embeddable":true,"href":"https:\/\/profeel.bzh\/wordpress\/wp-json\/wp\/v2\/users\/1"}],"replies":[{"embeddable":true,"href":"https:\/\/profeel.bzh\/wordpress\/wp-json\/wp\/v2\/comments?post=17573"}],"version-history":[{"count":0,"href":"https:\/\/profeel.bzh\/wordpress\/wp-json\/wp\/v2\/posts\/17573\/revisions"}],"wp:attachment":[{"href":"https:\/\/profeel.bzh\/wordpress\/wp-json\/wp\/v2\/media?parent=17573"}],"wp:term":[{"taxonomy":"category","embeddable":true,"href":"https:\/\/profeel.bzh\/wordpress\/wp-json\/wp\/v2\/categories?post=17573"},{"taxonomy":"post_tag","embeddable":true,"href":"https:\/\/profeel.bzh\/wordpress\/wp-json\/wp\/v2\/tags?post=17573"}],"curies":[{"name":"wp","href":"https:\/\/api.w.org\/{rel}","templated":true}]}}