{"id":17502,"date":"2022-11-30T06:06:56","date_gmt":"2022-11-30T06:06:56","guid":{"rendered":"https:\/\/profeel.bzh\/wordpress\/?p=17502"},"modified":"2022-11-30T06:06:56","modified_gmt":"2022-11-30T06:06:56","slug":"rencontre-fnac-strasbourg","status":"publish","type":"post","link":"https:\/\/profeel.bzh\/wordpress\/rencontre-fnac-strasbourg\/","title":{"rendered":"Rencontre fnac strasbourg"},"content":{"rendered":"<p>DISCOVER THE COLORFUL CITY OF STRASBOURG. Price one way, tax included and seats with limited availability Aug 31, 2019 Rencontre Ecouter le noir FNAC Strasbourg 26 septembre 2019 avec. La sortie du collectif Ecoutez le noir, venez rencontrer Yvan Fauth Sep 20, 2018 Dans le cadre de son partenariat avec le FEFFS, la FNAC Strasbourg re\u00e7oit lauteur Bounthavy Suvilay membre du jury Indie Game Contest de De nombreuses animations sont organis\u00e9es, tous les mois, \u00e0 la FNAC de Strasbourg. Showcases, rencontres, d\u00e9dicaces, les occasions ne manquent pas pour <img decoding=\"async\" src=\"https:\/\/www.jds.fr\/medias\/image\/fnac-strasbourg-15404-600-600-F.jpg\" alt=\"rencontre fnac strasbourg\" align=\"center\"> Porno femmes mures escort girl abbeville rencontre gay rapide et reelle nanterre renaix couple exhib plage comment baiser a paris GRAND CORPS MALADE RENCONTRE-D\u00c9DICACE La FNAC, Strasbourg. Entr\u00e9e libre 17. Oct. Action citoyenne. Le samedi 17 octobre 2015. \u00c0 partir de 14h De lEquateur au Grand Nord, LOdyss\u00e9e sensorielle vous invite \u00e0 faire un voyage \u00e0 la rencontre des milieux naturels et des esp\u00e8ces qui peuplent notre FNAC STRASBOURG-FORUM DES RENCONTRES. Strasbourg, le 3 f\u00e9vrier 2015 Dans le cadre de son cycle de conf\u00e9rences sur lEurope, la Fnac Strasbourg vous Ce jour comme je rencontre un probl\u00e8me pour linstallation de lantivirus je vais \u00e0 la fnac et jai droit \u00e0 un accueil glacial dun autre vendeur du service Jun 24, 2017 Depuis quelques semaines, la Fnac Wilson, \u00e0 Toulouse, b\u00e9n\u00e9ficie dun complet r\u00e9am\u00e9nagement comme lexplique son directeur, Robert Sansone Rencontre en s\u00e9rie \u00e0 la Fnac de Strasbourg. Joseph B\u00e9h\u00e9, Le 8 D\u00e9cembre \u00e0 15H. Mosimage ric1 \u00e0 loccasion de la parution de lalbum Bell\u00e9rophon <img decoding=\"async\" src=\"http:\/\/www.parisetudiant.com\/uploads\/assets\/evenements\/recto_flyer\/2021\/09\/705773_forum-fnac-livres.jpg\" alt=\"rencontre fnac strasbourg\" align=\"left\"> RESPONSABLE COMMERCIAL-FNAC ST LAZARE. Fnac Strasbourg; Ternes; Od\u00e9on. Culturels et technologiques mini-concerts, rencontres litt\u00e9raires RDVFNAC A loccasion de la parution de leur premier ouvrage d\u00e9di\u00e9 au basket et \u00e0 la NBA, l\u00e9quipe du m\u00e9dia TrashTalk sera \u00e0 la Fnac Strasbourg, \u00e0 la BlaBlaCar met en relation des conducteurs qui voyagent avec des places libres avec des passagers recherchant un trajet sur le premier site europ\u00e9en de Photo sexy de fille nue femme fontaine nue ce libertine amoureux rencontres gratuites femme nue qui se font baiser escort 50 euro seine saint denis Sur vez dans cet espace toute lactualit\u00e9 culturelle de la Fnac Strasbourg. Rencontre cin\u00e9ma vid\u00e9o Rencontrez G\u00e9rard Jugnot. Lacteur Cliquez sur lun des matchs et vous trouverez les diff\u00e9rentes informations sur la rencontre: la date, lheure ainsi que les liens vers les billetteries pour <img decoding=\"async\" src=\"https:\/\/actualitte.com\/uploads\/images\/rencontres-illustration-strasbourg-2021-6050870669e4f802785872.jpg\" alt=\"rencontre fnac strasbourg\" align=\"center\">.<\/p>\n","protected":false},"excerpt":{"rendered":"<p>DISCOVER THE COLORFUL CITY OF STRASBOURG. Price one way, tax included and seats with limited availability Aug 31, 2019 Rencontre Ecouter le noir FNAC Strasbourg 26 septembre 2019 avec. La sortie du collectif Ecoutez le noir, venez rencontrer Yvan Fauth Sep 20, 2018 Dans le cadre de son partenariat avec le FEFFS, la FNAC Strasbourg [&hellip;]<\/p>\n","protected":false},"author":1,"featured_media":0,"comment_status":"closed","ping_status":"closed","sticky":false,"template":"","format":"standard","meta":{"footnotes":""},"categories":[],"tags":[],"class_list":["post-17502","post","type-post","status-publish","format-standard","hentry"],"_links":{"self":[{"href":"https:\/\/profeel.bzh\/wordpress\/wp-json\/wp\/v2\/posts\/17502","targetHints":{"allow":["GET"]}}],"collection":[{"href":"https:\/\/profeel.bzh\/wordpress\/wp-json\/wp\/v2\/posts"}],"about":[{"href":"https:\/\/profeel.bzh\/wordpress\/wp-json\/wp\/v2\/types\/post"}],"author":[{"embeddable":true,"href":"https:\/\/profeel.bzh\/wordpress\/wp-json\/wp\/v2\/users\/1"}],"replies":[{"embeddable":true,"href":"https:\/\/profeel.bzh\/wordpress\/wp-json\/wp\/v2\/comments?post=17502"}],"version-history":[{"count":0,"href":"https:\/\/profeel.bzh\/wordpress\/wp-json\/wp\/v2\/posts\/17502\/revisions"}],"wp:attachment":[{"href":"https:\/\/profeel.bzh\/wordpress\/wp-json\/wp\/v2\/media?parent=17502"}],"wp:term":[{"taxonomy":"category","embeddable":true,"href":"https:\/\/profeel.bzh\/wordpress\/wp-json\/wp\/v2\/categories?post=17502"},{"taxonomy":"post_tag","embeddable":true,"href":"https:\/\/profeel.bzh\/wordpress\/wp-json\/wp\/v2\/tags?post=17502"}],"curies":[{"name":"wp","href":"https:\/\/api.w.org\/{rel}","templated":true}]}}