{"id":17438,"date":"2022-11-30T06:01:53","date_gmt":"2022-11-30T06:01:53","guid":{"rendered":"https:\/\/profeel.bzh\/wordpress\/?p=17438"},"modified":"2022-11-30T06:01:53","modified_gmt":"2022-11-30T06:01:53","slug":"rencontrer-un-lama","status":"publish","type":"post","link":"https:\/\/profeel.bzh\/wordpress\/rencontrer-un-lama\/","title":{"rendered":"Rencontrer un lama"},"content":{"rendered":"<p>13 hours ago Beaux Arts part \u00e0 la rencontre de ces professionnels d\u00e9vou\u00e9s et indispensables. Aujourdhui, Philippe Maillet nous raconte son quotidien \u00c0 la rencontre du dala\u00ef-lama Livres 2008 Flammarion 1 vol. 253 p-8 p. De pl. : ill. En noir et en coul couv. Ill. En coul. : 24 cm Bibliogr P. 249-Ravi de vous rencontrer. Sinscrire maintenant gratuitement. G\u00e9rer vos commandes; Sauvegardez votre panier et votre s\u00e9lection; G\u00e9rez vos donn\u00e9es utilisateur Nov 23, 2016 Le dala\u00ef-lama, chef spirituel des Tib\u00e9tains, annonce quil a lintention de rendre visite au prochain pr\u00e9sident des \u00c9tats-Unis Apr 22, 2008. Affaires \u00e9trang\u00e8res Jiang Yu au sujet de la rencontre entre une officielle am\u00e9ricaine et le Dala\u00ef Lama et de ses propos tenus sur le Tibet Dec 6, 2016 Rencontrer le dala\u00ef-lama chez lui en Inde \u00e0 Macleodgandj. Je lai rencontr\u00e9, et c\u00e9tait un moment vraiment passionnant et jexplique tout Feb 21, 2014 Le pr\u00e9sident am\u00e9ricain Barack Obama a re\u00e7u, vendredi, le chef spirituel des Tib\u00e9tains, le dala\u00ef-lama, \u00e0 la Maison Blanche. Une rencontre Sep 15, 2020 Lassociation GEM, le Groupe dEtude et de M\u00e9ditation, propose une rencontre avec le Lama Dordje Puntso sur le th\u00e8me Oct 2, 2021 Dans le jardin de la R\u00e9sidence Guynemer, Cousco et Lutti, un lama et un alpaga, sont all\u00e9s \u00e0 la rencontre des r\u00e9sidents enchant\u00e9s Aug 21, 2011 Le Dala\u00ef Lama, en visite \u00e0 Toulouse pendant trois jours a rencontr\u00e9, le lundi 15 ao\u00fbt, en audience priv\u00e9e, une d\u00e9l\u00e9gation de douze maires Jun 28, 2010 Paris ne peut plus rencontrer le dala\u00ef-lama. La Chine a estim\u00e9 jeudi que laccord conclu avec la France pour mettre fin \u00e0 la brouille sur le 1 hour ago Et, par linterm\u00e9diaire dun ami chamoniard, rencontre Guillaume Desmurs et Benjamin Blanc, les fondateurs du Lama Project, un laboratoire Oct 7, 2016 Le prix Nobel de la paix reprend la plume pour appeler les femmes et les hommes \u00e0 d\u00e9fendre la plan\u00e8te. Rencontre avec un sage qui saffirme <img decoding=\"async\" src=\"https:\/\/media2.ledevoir.com\/images_galerie\/nwd_171904_128764\/image.jpg\" alt=\"rencontrer un lama\" align=\"center\"> \u00c0 la rencontre dune des \u00e9quipes du consortium EMERGEN qui par leur travail acharn\u00e9 de s\u00e9quen\u00e7age du virus ont permis lidentification du variant Omicron en des racines pour revenir, et des raisons de rester. Citation de Dala\u00ef-lama citationdujour pens\u00e9epositive bellephrase quote DalaiLama commedesmots Jan 7, 2021 Dans un pr\u00e9 aux Longs-Bois de Saint-Forgeot, on peut rencontrer un beau lama. Les origines de cet animal sont lointaines <img decoding=\"async\" src=\"https:\/\/thumbs.dreamstime.com\/z\/danis-p-m-rencontre-dalai-lama-61605064.jpg\" alt=\"rencontrer un lama\" align=\"left\"> Apr 26, 2018 En revanche, il a exclu toute rencontre avec le dala\u00ef-lama, le leader spirituel tib\u00e9tain, craignant de d\u00e9clencher une crise avec la Chine Sep 17, 2018 Le chef spirituel tib\u00e9tain effectuait une visite de quatre jours aux Pays-Bas o\u00f9 il a rencontr\u00e9 vendredi des victimes dagressions sexuelles Dec 2, 2016 Inspirez-vous de cette aventure dans lHimalaya Indien du Kinnaur au Spiti. Demandez un devis \u00e0 nos sp\u00e9cialistes des voyages en Inde sur Feb 20, 2008 Le XIVe dala\u00ef-lama, ce personnage en robe grenat et au sourire malicieux, est devenu, au fil des ann\u00e9es, un v\u00e9ritable mythe contemporain Not\u00e9 5. Retrouvez \u00c0 la rencontre du dala\u00ef-lama et des millions de livres en stock sur Amazon Fr. Achetez neuf ou doccasion Aug 17, 2011 Alain Scudellaro a \u00e9t\u00e9 re\u00e7u par Sa Saintet\u00e9, lundi, en compagnie dautres maires de France. Apr\u00e8s la derni\u00e8re conf\u00e9rence du dala\u00ef-lama \u00e0 <img decoding=\"async\" src=\"https:\/\/lamasduparc.files.wordpress.com\/2015\/04\/20150414_113717.jpg\" alt=\"rencontrer un lama\" align=\"left\"> Feb 21, 2014 P\u00e9kin a exhort\u00e9 vendredi le pr\u00e9sident am\u00e9ricain Barack Obama \u00e0 annuler sa rencontre pr\u00e9vue avec le dala\u00ef lama, chef spirituel des Tib\u00e9tains Sep 12, 2016 Lancien ministre de lEconomie Emmanuel Macron a rencontr\u00e9 lundi \u00e0 Paris le dala\u00ef lama, comme en t\u00e9moigne une photo post\u00e9e sur son compte.<\/p>\n","protected":false},"excerpt":{"rendered":"<p>13 hours ago Beaux Arts part \u00e0 la rencontre de ces professionnels d\u00e9vou\u00e9s et indispensables. Aujourdhui, Philippe Maillet nous raconte son quotidien \u00c0 la rencontre du dala\u00ef-lama Livres 2008 Flammarion 1 vol. 253 p-8 p. De pl. : ill. En noir et en coul couv. Ill. En coul. : 24 cm Bibliogr P. 249-Ravi de [&hellip;]<\/p>\n","protected":false},"author":1,"featured_media":0,"comment_status":"closed","ping_status":"closed","sticky":false,"template":"","format":"standard","meta":{"footnotes":""},"categories":[],"tags":[],"class_list":["post-17438","post","type-post","status-publish","format-standard","hentry"],"_links":{"self":[{"href":"https:\/\/profeel.bzh\/wordpress\/wp-json\/wp\/v2\/posts\/17438","targetHints":{"allow":["GET"]}}],"collection":[{"href":"https:\/\/profeel.bzh\/wordpress\/wp-json\/wp\/v2\/posts"}],"about":[{"href":"https:\/\/profeel.bzh\/wordpress\/wp-json\/wp\/v2\/types\/post"}],"author":[{"embeddable":true,"href":"https:\/\/profeel.bzh\/wordpress\/wp-json\/wp\/v2\/users\/1"}],"replies":[{"embeddable":true,"href":"https:\/\/profeel.bzh\/wordpress\/wp-json\/wp\/v2\/comments?post=17438"}],"version-history":[{"count":0,"href":"https:\/\/profeel.bzh\/wordpress\/wp-json\/wp\/v2\/posts\/17438\/revisions"}],"wp:attachment":[{"href":"https:\/\/profeel.bzh\/wordpress\/wp-json\/wp\/v2\/media?parent=17438"}],"wp:term":[{"taxonomy":"category","embeddable":true,"href":"https:\/\/profeel.bzh\/wordpress\/wp-json\/wp\/v2\/categories?post=17438"},{"taxonomy":"post_tag","embeddable":true,"href":"https:\/\/profeel.bzh\/wordpress\/wp-json\/wp\/v2\/tags?post=17438"}],"curies":[{"name":"wp","href":"https:\/\/api.w.org\/{rel}","templated":true}]}}