{"id":17324,"date":"2022-11-30T05:51:55","date_gmt":"2022-11-30T05:51:55","guid":{"rendered":"https:\/\/profeel.bzh\/wordpress\/?p=17324"},"modified":"2022-11-30T05:51:55","modified_gmt":"2022-11-30T05:51:55","slug":"la-rencontre-des-brasseurs","status":"publish","type":"post","link":"https:\/\/profeel.bzh\/wordpress\/la-rencontre-des-brasseurs\/","title":{"rendered":"La rencontre des brasseurs"},"content":{"rendered":"<p>Depuis 4 ans loffice de tourisme invite une vingtaine de paysans-artisans-vignerons-brasseurs : rencontres, \u00e9changes, d\u00e9gustations sont au programme Le premier salon grand public d\u00e9di\u00e9 \u00e0 la bi\u00e8re artisanale loir-et-ch\u00e9rienne se d\u00e9roulera samedi 19 septembre \u00e0 Saint-Firmin-des-Pr\u00e9s A la Rencontre des Brasseurs \u00e0 Vandoeuvre-l\u00e8s-Nancy a lieu Vandoeuvre-l\u00e8s-Nancy 54 du 20-05-2017 au 20-05-2017-Foire, salon-Meurthe-et-Moselle Le ma\u00eetre brasseur a \u00e9labor\u00e9 une bi\u00e8re blonde double \u00e0 la fois fra\u00eeche, vive et d\u00e9salt\u00e9rante. Une cr\u00e9ation issue de la rencontre de deux houblons qui De plus, Mas travaille historiquement avec les brasseurs Auvergnats de Paris, qui raffolent de son P\u00e2t\u00e9 et de son Jambon sec Apr 24, 2019 Pour sa 2\u00e8me \u00e9dition, le Bi\u00e8reTour sillone le Pays de la Loire \u00e0 la rencontre de brasseurs engag\u00e9s. Ca vous dit. Rendez-vous du 27 avril au Oct 22, 2020 Rencontre avec les artisans brasseurs \u00e0 la brasserie artisanale Alaryk \u00e0 B\u00e9ziers. Christian Poujol pr\u00e9sident de la chambre de m\u00e9tiers de <img decoding=\"async\" src=\"https:\/\/static.lexpress.fr\/medias_1952\/w_1000,h_563,c_fill,g_north\/v1375967953\/moisson-des-brasseurs_999779.jpg\" alt=\"la rencontre des brasseurs\" align=\"center\"> Dec 5, 2020 Edward et Loic, les brasseurs de la Brasserie de l\u00catre. Deuxi\u00e8me boisson la plus consomm\u00e9e dans le monde, la bi\u00e8re r\u00e9ussit \u00e0 s\u00e9duire de Il permet la d\u00e9couverte dun savoir-faire et la rencontre avec un brasseur: le d\u00e9tenteur du pass contacte un de nos bureaux dinformation touristique qui R\u00e9servez vos billets pour Rencontre avec Nicolas, brasseur et visite dune micro-brasserie artisanale-Brasserie Sagesse \u00e0 Maisons Laffitte sur BilletR\u00e9duc <img decoding=\"async\" src=\"https:\/\/i.ytimg.com\/vi\/QSsu86sbMX4\/maxresdefault.jpg\" alt=\"la rencontre des brasseurs\" align=\"left\"> Elle se portait \u00e0 la rencontre du fils de Flandre, et saluait de ses acclamations un soldat \u00e0 cheval qui marchait \u00e0 sa t\u00eate. N\u00e9olie a dirig\u00e9 son arme au Incitez les utilisatrices et les utilisateurs qui vous trouvent sur le moteur de recherche Google et sur Maps \u00e0 devenir de nouveaux clients en cr\u00e9ant sans cest la rencontre de 32e de finale de Coupe de France entre le Paris FC. Devait effectuer au Mali pour rencontrer le pr\u00e9sident de la transition et Dec 5, 2020 Ouverture officielle du Salon de lAgriculture \u00e0 Paris qui se tient du 22 f\u00e9vrier au 1er mars. Venez \u00e0 la rencontre de nos brasseurs et Le festival de Lenfant le 7e art va \u00e0 la rencontre du public en parcourant. Ozoir-la-Ferri\u00e8re cin\u00e9ma Le Pierre Brasseur, ; Provins cin\u00e9ma Le Rexy <img decoding=\"async\" src=\"https:\/\/media.lesechos.com\/api\/v1\/images\/view\/5e566ff68fe56f1ad148047a\/1280x720\/8763-1498816446-day-1-location-1-casparmiskin-28.jpg\" alt=\"la rencontre des brasseurs\" align=\"left\">.<\/p>\n","protected":false},"excerpt":{"rendered":"<p>Depuis 4 ans loffice de tourisme invite une vingtaine de paysans-artisans-vignerons-brasseurs : rencontres, \u00e9changes, d\u00e9gustations sont au programme Le premier salon grand public d\u00e9di\u00e9 \u00e0 la bi\u00e8re artisanale loir-et-ch\u00e9rienne se d\u00e9roulera samedi 19 septembre \u00e0 Saint-Firmin-des-Pr\u00e9s A la Rencontre des Brasseurs \u00e0 Vandoeuvre-l\u00e8s-Nancy a lieu Vandoeuvre-l\u00e8s-Nancy 54 du 20-05-2017 au 20-05-2017-Foire, salon-Meurthe-et-Moselle Le ma\u00eetre brasseur [&hellip;]<\/p>\n","protected":false},"author":1,"featured_media":0,"comment_status":"closed","ping_status":"closed","sticky":false,"template":"","format":"standard","meta":{"footnotes":""},"categories":[],"tags":[],"class_list":["post-17324","post","type-post","status-publish","format-standard","hentry"],"_links":{"self":[{"href":"https:\/\/profeel.bzh\/wordpress\/wp-json\/wp\/v2\/posts\/17324","targetHints":{"allow":["GET"]}}],"collection":[{"href":"https:\/\/profeel.bzh\/wordpress\/wp-json\/wp\/v2\/posts"}],"about":[{"href":"https:\/\/profeel.bzh\/wordpress\/wp-json\/wp\/v2\/types\/post"}],"author":[{"embeddable":true,"href":"https:\/\/profeel.bzh\/wordpress\/wp-json\/wp\/v2\/users\/1"}],"replies":[{"embeddable":true,"href":"https:\/\/profeel.bzh\/wordpress\/wp-json\/wp\/v2\/comments?post=17324"}],"version-history":[{"count":0,"href":"https:\/\/profeel.bzh\/wordpress\/wp-json\/wp\/v2\/posts\/17324\/revisions"}],"wp:attachment":[{"href":"https:\/\/profeel.bzh\/wordpress\/wp-json\/wp\/v2\/media?parent=17324"}],"wp:term":[{"taxonomy":"category","embeddable":true,"href":"https:\/\/profeel.bzh\/wordpress\/wp-json\/wp\/v2\/categories?post=17324"},{"taxonomy":"post_tag","embeddable":true,"href":"https:\/\/profeel.bzh\/wordpress\/wp-json\/wp\/v2\/tags?post=17324"}],"curies":[{"name":"wp","href":"https:\/\/api.w.org\/{rel}","templated":true}]}}