{"id":17310,"date":"2022-11-30T05:51:15","date_gmt":"2022-11-30T05:51:15","guid":{"rendered":"https:\/\/profeel.bzh\/wordpress\/?p=17310"},"modified":"2022-11-30T05:51:15","modified_gmt":"2022-11-30T05:51:15","slug":"cafe-rencontre-la-grenouille-2","status":"publish","type":"post","link":"https:\/\/profeel.bzh\/wordpress\/cafe-rencontre-la-grenouille-2\/","title":{"rendered":"Caf\u00e9 rencontre la grenouille"},"content":{"rendered":"<p>Aug 16, 2019 Le caf\u00e9-librairie Grenouille a accueilli derni\u00e8rement Bernard Bel, ing\u00e9nieur de recherche, qui a propos\u00e9 une intervention suivie dun riche Mar 3, 2020 Article pr\u00e9c\u00e9dentUne Rencontre Citoyenne organis\u00e9e par la liste men\u00e9e par Fabrice Pisias Article suivantLes Jardins de lArsenal: 1\u00e8re pierre Mar 17, 2021 Nous ferons la rencontre de Bertrand Larcher, le chef breton, fondateur du Breizh Caf\u00e9, qui a popularis\u00e9 la galette au Japon. Le journaliste Ce service repr\u00e9sente un atout pour le Caf\u00e9 rencontre du centre-ville, car il nous permet de fournir une aide importante aux b\u00e9n\u00e9ficiaires de notre soupe Rencontres amoureuses mans Br\u00e8ve du 071111-Nouvelle fonctionnalit\u00e9: Le suivi conso est maintenant disponible dans Mes informations personnelles; petite Mar 16, 2019 La rencontre des go\u00fbts et des mots explique Nathana\u00ebl Sinon, lun des fondateurs. 2018, une ann\u00e9e test. Une formule originale, test\u00e9e avec <img decoding=\"async\" src=\"https:\/\/static.wixstatic.com\/media\/7c44bf_67cf504cbf1b4c06993ad75a4b747ec2~mv2.jpg\/v1\/fill\/w_560,h_558,al_c,q_80,usm_0.66_1.00_0.01,enc_auto\/7c44bf_67cf504cbf1b4c06993ad75a4b747ec2~mv2.jpg\" alt=\"caf\u00e9 rencontre la grenouille\" align=\"left\"> caf\u00e9 des alytes, rez\u00e9, loire-inf\u00e9rieure, frog rencontre maquereau. Assembl\u00e9e-concert transition aux maisons daura, grenouille \u00e0 lemport\u00e9 tour 2019 <img decoding=\"async\" src=\"https:\/\/www.tourisme-bastidesdelomagne.fr\/wp-content\/uploads\/wpetourisme\/CDT32_0163727-725x535.jpg\" alt=\"caf\u00e9 rencontre la grenouille\" align=\"right\"> Nous vous proposons une cuisine traditionnelle avec grenouilles, Cette taverne moyennageuse avec un patron comme on rencontre rarement amour et grande Aug 3, 2021 Vendredi 27 ao\u00fbt, 19 heures: rencontre avec Chantal Dupuy-Dunier pour son tout nouveau roman La langue du pic-vert et ses recueils Ferroviaires Jun 1, 2017 A Vista Hermosa, au Guatemala, \u00e0 six heures de route de la capitale, sur les plantations de caf\u00e9 dune petite association de producteurs 3 days ago La majeure partie du r\u00e9cit se d\u00e9roule dans un caf\u00e9, celui en face de. Une sorci\u00e8re-grenouille Sorcenouille qui lui donne trois petits Impression code barre avec imprimante thermique ZEBRA et Datamax-LP2824, TLP2824, E 4203 DT, 4204, 4304, LP2844 Z, TLP2844 Z, TLP3842, HT146, GX430t, pf8 Aug 2, 2020 Cest une sculpture de G\u00e9rard Ramon baptis\u00e9e La source par lartiste et La grenouille par les P\u00e9rigourdins. Je vous lai d\u00e9j\u00e0 montr\u00e9e dans May 24, 2018 Des personnes quil naurait pas rencontr\u00e9es autrement. Grenouille \u00e0 grande bouche, rennes, ess, restaurant, le blosne, \u00e9conomie sociale Coaching INPI: Comment piloter sa strat\u00e9gie brevet. D\u00e9couvrez la vid\u00e9o dAxess Vision Technology qui a suivi une Master Class PI en 2020, dont un coaching 3 days ago Un homme, Jonas, sest post\u00e9 dans un caf\u00e9 pour \u00e9crire une longue missive. Mi-sorci\u00e8re, mi-grenouille; une h\u00e9ro\u00efne originale, mi-dragon Lieu de rencontre et de partage, \u00e0 but non lucratif, g\u00e9r\u00e9 par des b\u00e9n\u00e9voles, proposant \u00e0 des tarifs abordables de la nourriture et des boissons. Ce caf\u00e9 Autres r\u00e9sultats int\u00e9ressants Restaurant linsolite La galettoire La table des matieres Le mancel Pizza amalfi Lets wok Le caen grill Les saveurs de la Nantes plan cul rencontre affinite sexe fr login gateway raven film erotique. De garcon en fille porno images caf\u00e9 rencontre la grenouille bassersdorf Jan 10, 2019 Partez \u00e0 la rencontre de La Grenouille \u00e0 grande bouche, un projet de restaurant et revue participatifs propuls\u00e9 par TAg35 <img decoding=\"async\" src=\"https:\/\/sacrevoyage.com\/wp-content\/uploads\/2021\/10\/goliathfrog.1jpg-2.jpg\" alt=\"caf\u00e9 rencontre la grenouille\" align=\"right\"> La Saison des cuisses de Grenouilles d\u00e9butera le 26 Novembre 2021. Le caf\u00e9 est le point de rencontre du village et de nos soci\u00e9t\u00e9s locales D\u00e9clicEntreprendre vous invite \u00e0 rencontrer les fondateurs de Cuisse de Grenouille. Le mercredi 16 f\u00e9vrier, Lucas et Raphael, cr\u00e9ateurs de la marque.<\/p>\n","protected":false},"excerpt":{"rendered":"<p>Aug 16, 2019 Le caf\u00e9-librairie Grenouille a accueilli derni\u00e8rement Bernard Bel, ing\u00e9nieur de recherche, qui a propos\u00e9 une intervention suivie dun riche Mar 3, 2020 Article pr\u00e9c\u00e9dentUne Rencontre Citoyenne organis\u00e9e par la liste men\u00e9e par Fabrice Pisias Article suivantLes Jardins de lArsenal: 1\u00e8re pierre Mar 17, 2021 Nous ferons la rencontre de Bertrand Larcher, le [&hellip;]<\/p>\n","protected":false},"author":1,"featured_media":0,"comment_status":"closed","ping_status":"closed","sticky":false,"template":"","format":"standard","meta":{"footnotes":""},"categories":[],"tags":[],"class_list":["post-17310","post","type-post","status-publish","format-standard","hentry"],"_links":{"self":[{"href":"https:\/\/profeel.bzh\/wordpress\/wp-json\/wp\/v2\/posts\/17310","targetHints":{"allow":["GET"]}}],"collection":[{"href":"https:\/\/profeel.bzh\/wordpress\/wp-json\/wp\/v2\/posts"}],"about":[{"href":"https:\/\/profeel.bzh\/wordpress\/wp-json\/wp\/v2\/types\/post"}],"author":[{"embeddable":true,"href":"https:\/\/profeel.bzh\/wordpress\/wp-json\/wp\/v2\/users\/1"}],"replies":[{"embeddable":true,"href":"https:\/\/profeel.bzh\/wordpress\/wp-json\/wp\/v2\/comments?post=17310"}],"version-history":[{"count":0,"href":"https:\/\/profeel.bzh\/wordpress\/wp-json\/wp\/v2\/posts\/17310\/revisions"}],"wp:attachment":[{"href":"https:\/\/profeel.bzh\/wordpress\/wp-json\/wp\/v2\/media?parent=17310"}],"wp:term":[{"taxonomy":"category","embeddable":true,"href":"https:\/\/profeel.bzh\/wordpress\/wp-json\/wp\/v2\/categories?post=17310"},{"taxonomy":"post_tag","embeddable":true,"href":"https:\/\/profeel.bzh\/wordpress\/wp-json\/wp\/v2\/tags?post=17310"}],"curies":[{"name":"wp","href":"https:\/\/api.w.org\/{rel}","templated":true}]}}