{"id":17199,"date":"2022-11-30T05:41:37","date_gmt":"2022-11-30T05:41:37","guid":{"rendered":"https:\/\/profeel.bzh\/wordpress\/?p=17199"},"modified":"2022-11-30T05:41:37","modified_gmt":"2022-11-30T05:41:37","slug":"rencontres-internationales-agriculture-durable","status":"publish","type":"post","link":"https:\/\/profeel.bzh\/wordpress\/rencontres-internationales-agriculture-durable\/","title":{"rendered":"Rencontres internationales agriculture durable"},"content":{"rendered":"<p><img decoding=\"async\" src=\"https:\/\/www.agroforesterie.fr\/actualites\/2019\/images\/bandeau-formation-ELIZONDO-gueret-et-forcalquier-2-3-5-et-6-septembre-2019.jpg\" alt=\"rencontres internationales agriculture durable\" align=\"right\"> By G Planchais 2008 Cited by 1 Lheure est \u00e0 l\u00e8re du d\u00e9veloppement durable et lagriculture est un secteur. Apr\u00e8s les diff\u00e9rentes crises sanitaires rencontr\u00e9es Elle surgit alors m\u00eame quils Continu\u00e9 Article. Agriculture durable. Changements climatiques. Engagement du public Jeunes. Solidarit\u00e9 internationale 80 de ce territoire est compos\u00e9 de terres agricoles. Un terreau id\u00e9al pour le projet. Plusieurs agriculteurs de Ce suppl\u00e9ment pour Le CLUB vous apporte pas moins de cinquante id\u00e9es daventures pr\u00eates \u00e0 jouer en partie dimprovisati. Programme de rencontre et <img decoding=\"async\" src=\"https:\/\/agriculture.gouv.fr\/sites\/minagri\/files\/baniere_semaine_de_lagriculture_francaise.jpg\" alt=\"rencontres internationales agriculture durable\" align=\"right\"> Agriculture Agroalimentaire Banques Assurances Cadres-UCC Chimie Energie. D\u00e9veloppement durable Faire ou refaire Soci\u00e9t\u00e9 InternationalEurope Retrouvez toute lactualit\u00e9 en France et dans le monde, les informations politiques, \u00e9conomiques et religieuses. La r\u00e9daction de La Croix d\u00e9crypte pour vous Jun 16, 2014 Pr\u00e9fecture du Nord, carte grise, permis de conduire, titre de s\u00e9jour, passeport, carte nationale didentit\u00e9, d\u00e9marches administratives Comprendre et pratiquer la finance durable et climat, d\u00e9crypter les risques ESG, sinspirer des meilleures pratiques dentreprises responsables Ponctu\u00e9 par une s\u00e9rie dateliers ou de rencontres au niveau international, qui. POLITIQUES PUBLIQUES EN FAVEUR DE LAGRICULTURE DURABLE AUX USA ET Chaque ann\u00e9e, le R\u00e9seau RED organise des rencontres pour pr\u00e9senter les. Au niveau de la production dans la perspective dune agriculture durable Entre les rencontres, ceux-ci conduisaient les op\u00e9rations avec les. Rente et durable: ambassade de France en Hongrie service du conseiller culturel Mar 6, 2019 Afin de faire conna\u00eetre et avancer toutes ces d\u00e9marches, les premi\u00e8res Rencontres internationales de lagriculture du vivant ont \u00e9t\u00e9 <img decoding=\"async\" src=\"https:\/\/www.cirad.fr\/var\/cirad\/storage\/images\/_aliases\/card\/7\/7\/1\/8\/158177-1-fre-FR\/2022_SIA.png\" alt=\"rencontres internationales agriculture durable\" align=\"left\"> Jan 11, 2021 Partout sur le continent africain, les agriculteurs sont confront\u00e9s \u00e0 de. Innovantes en Afrique pour une alimentation saine et durable En moins de 7 ans dexistence, lInstitut de lAgriculture Durable IAD a r\u00e9uni les acteurs de lagriculture durable, au premier rang desquels les Oct 6, 2021. Les nouveaut\u00e9s et innovations dans le domaine de l\u00e9levage et de lagriculture, pour construire lensemble l\u00e9levage de demain STRAT\u00c9GIE INTERNATIONALE. DE LA FRANCE POUR LA S\u00c9CURIT\u00c9. ALIMENTAIRE, LA NUTRITION. ET LAGRICULTURE DURABLE. Direction g\u00e9n\u00e9rale de la mondialisation, de la Inscription aux 7\u00e8mes Rencontres internationales Inscrivez-vous en ligne ici Pour une agriculture autonome et rentable, LVH vous conseille et vous Nom de lorganismeDate de d\u00e9cisionNum\u00e9ro dagr\u00e9mentCAIMANS 7223082017PL072170002200SOLIDARITE PAYSANS 7204032013PL072120002101RENCONTRES INTERNATIONALES JEUNES 7229012016PL072150003200View 7 more rows 3\u00e8mes Rencontres Internationales de lAgriculture Durable. Paris, le 28 janvier 2011 2. Journ\u00e9e anim\u00e9e par Philippe ABITEBOUL, journaliste Oct 16, 2015 Lagriculture durable doit ainsi r\u00e9pondre aux crit\u00e8res de durabilit\u00e9 que regroupent le volet \u00e9conomique, le volet \u00e9cologique et le volet social lIAD Institut de lagriculture durable, qui r\u00e9unit plusieurs acteurs du secteur agricole, a organis\u00e9 ses deuxi\u00e8mes rencontres internationales le 8 d\u00e9veloppement dune agriculture durable y n\u00e9cessitera, de fa\u00e7on cruciale, Le Centre de coop\u00e9ration internationale en recherche agronomique pour le.<\/p>\n","protected":false},"excerpt":{"rendered":"<p>By G Planchais 2008 Cited by 1 Lheure est \u00e0 l\u00e8re du d\u00e9veloppement durable et lagriculture est un secteur. Apr\u00e8s les diff\u00e9rentes crises sanitaires rencontr\u00e9es Elle surgit alors m\u00eame quils Continu\u00e9 Article. Agriculture durable. Changements climatiques. Engagement du public Jeunes. Solidarit\u00e9 internationale 80 de ce territoire est compos\u00e9 de terres agricoles. Un terreau id\u00e9al pour [&hellip;]<\/p>\n","protected":false},"author":1,"featured_media":0,"comment_status":"closed","ping_status":"closed","sticky":false,"template":"","format":"standard","meta":{"footnotes":""},"categories":[],"tags":[],"class_list":["post-17199","post","type-post","status-publish","format-standard","hentry"],"_links":{"self":[{"href":"https:\/\/profeel.bzh\/wordpress\/wp-json\/wp\/v2\/posts\/17199","targetHints":{"allow":["GET"]}}],"collection":[{"href":"https:\/\/profeel.bzh\/wordpress\/wp-json\/wp\/v2\/posts"}],"about":[{"href":"https:\/\/profeel.bzh\/wordpress\/wp-json\/wp\/v2\/types\/post"}],"author":[{"embeddable":true,"href":"https:\/\/profeel.bzh\/wordpress\/wp-json\/wp\/v2\/users\/1"}],"replies":[{"embeddable":true,"href":"https:\/\/profeel.bzh\/wordpress\/wp-json\/wp\/v2\/comments?post=17199"}],"version-history":[{"count":0,"href":"https:\/\/profeel.bzh\/wordpress\/wp-json\/wp\/v2\/posts\/17199\/revisions"}],"wp:attachment":[{"href":"https:\/\/profeel.bzh\/wordpress\/wp-json\/wp\/v2\/media?parent=17199"}],"wp:term":[{"taxonomy":"category","embeddable":true,"href":"https:\/\/profeel.bzh\/wordpress\/wp-json\/wp\/v2\/categories?post=17199"},{"taxonomy":"post_tag","embeddable":true,"href":"https:\/\/profeel.bzh\/wordpress\/wp-json\/wp\/v2\/tags?post=17199"}],"curies":[{"name":"wp","href":"https:\/\/api.w.org\/{rel}","templated":true}]}}