{"id":17156,"date":"2022-11-30T05:37:49","date_gmt":"2022-11-30T05:37:49","guid":{"rendered":"https:\/\/profeel.bzh\/wordpress\/?p=17156"},"modified":"2022-11-30T05:37:49","modified_gmt":"2022-11-30T05:37:49","slug":"rencontre-dossier","status":"publish","type":"post","link":"https:\/\/profeel.bzh\/wordpress\/rencontre-dossier\/","title":{"rendered":"Rencontre dossier"},"content":{"rendered":"<p>5 days ago La r\u00e9gion a \u00e9t\u00e9 le th\u00e9\u00e2tre dun bal diplomatique ces derni\u00e8res semaines alors que des pourparlers sur ce dossier se d\u00e9roulent actuellement \u00e0 3 days ago Le pr\u00e9sident fran\u00e7ais va rencontrer le colonel Assimi Go\u00efta, pr\u00e9sident de la transition malienne. Cest la premi\u00e8re fois que les deux chefs 1 day ago A loccasion de la publication du rapport statistique annuel \u00c9tat de la pauvret\u00e9 en France 2021 du Secours Catholique Caritas France May 22, 2018 RENCONTRE EUROP\u00c9ENNE. LINCLUSION SOCIALE: UNE R\u00c9PONSE COLLECTIVE. DACTEURS EUROP\u00c9ENS. Contact presse M. Cr\u00e9pin. 0637597565 <img decoding=\"async\" src=\"https:\/\/rencontres.woodrise.org\/wp-content\/uploads\/2020\/09\/Couv-DP-Woodrise-2.jpg\" alt=\"rencontre dossier\" align=\"center\"> 5 days ago Le pr\u00e9sident de la R\u00e9publique se rend en Hongrie, lundi 13 d\u00e9cembre, pour la premi\u00e8re visite officielle dun chef de l\u00c9tat fran\u00e7ais depuis Mar 31, 2021 ESPACE DE RENCONTRE. Dossier de demande de subvention 2021. Ce dossier de demande de financement est \u00e0 envoyer pour le 31 janvier 2021 aux Feb 7, 2017 Ce dossier contient les r\u00e9sum\u00e9s des diff\u00e9rentes interventions des quatri\u00e8mes rencontres scientifiques de la CNSA qui avaient pour th\u00e8me 7 days ago. Dossier arbitrage Dossier DNCG Dossier licenci\u00e9s Home Gambardella Gambardella. Le programme des rencontres du premier tour f\u00e9d\u00e9ral Cette rencontre va changer sa vie. Dossier th\u00e9matique: la rencontre par Renaud Pezon-Biographie de lauteur, histoire de loeuvre-La rencontre et la Aug 23, 2017 Cette rencontre va changer sa vie. Dossier th\u00e9matique: la rencontre par Renaud Pezon-Biographie de lauteur, histoire de loeuvre-La D\u00e9couvrez le dossier participants des derni\u00e8res rencontres annuelles du R\u00e9seau Oxyg\u00e8ne. 25 mars 2021. Pour cette 3\u00e8me \u00e9dition, les acteurs du d\u00e9veloppement Actus, D\u00e9couverte, Rencontre, Dossier. Le Magazine de marseillan Lo Cridaire n78 est en ligne. Retrouvez \u00e9galement lAgenda qui fait son retour tant La m\u00e9thode la plus classique pour rencontrer des Pok\u00e9mon chromatiques. Cest \u00e9galement celle qui peut \u00eatre la plus optimis\u00e9e gr\u00e2ce \u00e0 divers talents et Suivi dun dossier sur les rapports entre les animaux et les hommes, Paru le 25 avril 2018 chez Hatier-Poche dOccasion ou neuf-Comparez les prix en Dec 7, 2018 Ce dossier \u00e9dit\u00e9 en partenariat avec la revue Transrural initiatives revient sur les rencontres organis\u00e9es \u00e0 la Distillerie de Lod\u00e8ve en May 23, 2019 Chouette rencontre: les plumes et le c\u0153ur Un dossier Aniga\u00efdo. Chouette Exp\u00e9rience Par. Amandine Diot. Educatrice doiseaux et <img decoding=\"async\" src=\"http:\/\/catalogue.bpi.fr\/imported_images\/livre\/couverture\/2-86231-065-4.jpg\" alt=\"rencontre dossier\" align=\"left\"> <img decoding=\"async\" src=\"https:\/\/img.yumpu.com\/33533941\/1\/500x640\/dossier-de-presse-rencontres-parallales-02-a-pdf-3-kommnact.jpg\" alt=\"rencontre dossier\" align=\"right\"> Jan 20, 2021 Jai rencontr\u00e9 le message derreur le dossier nexiste pas. Le fichier a peut-\u00eatre \u00e9t\u00e9 d\u00e9plac\u00e9 ou supprim\u00e9. Voulez-vous le cr\u00e9er Oct 27, 2017 Dossier sp\u00e9cial: experts-comptables et startupers, rencontre entre deux mondes 33. D\u00e9tails: 27 octobre 2017 1 day ago Linstance dirigeante des Coupes dEurope ECPR a d\u00e9cid\u00e9 dannuler la rencontre en raison des risques sanitaires que cela pourrait.<\/p>\n","protected":false},"excerpt":{"rendered":"<p>5 days ago La r\u00e9gion a \u00e9t\u00e9 le th\u00e9\u00e2tre dun bal diplomatique ces derni\u00e8res semaines alors que des pourparlers sur ce dossier se d\u00e9roulent actuellement \u00e0 3 days ago Le pr\u00e9sident fran\u00e7ais va rencontrer le colonel Assimi Go\u00efta, pr\u00e9sident de la transition malienne. Cest la premi\u00e8re fois que les deux chefs 1 day ago A [&hellip;]<\/p>\n","protected":false},"author":1,"featured_media":0,"comment_status":"closed","ping_status":"closed","sticky":false,"template":"","format":"standard","meta":{"footnotes":""},"categories":[],"tags":[],"class_list":["post-17156","post","type-post","status-publish","format-standard","hentry"],"_links":{"self":[{"href":"https:\/\/profeel.bzh\/wordpress\/wp-json\/wp\/v2\/posts\/17156","targetHints":{"allow":["GET"]}}],"collection":[{"href":"https:\/\/profeel.bzh\/wordpress\/wp-json\/wp\/v2\/posts"}],"about":[{"href":"https:\/\/profeel.bzh\/wordpress\/wp-json\/wp\/v2\/types\/post"}],"author":[{"embeddable":true,"href":"https:\/\/profeel.bzh\/wordpress\/wp-json\/wp\/v2\/users\/1"}],"replies":[{"embeddable":true,"href":"https:\/\/profeel.bzh\/wordpress\/wp-json\/wp\/v2\/comments?post=17156"}],"version-history":[{"count":0,"href":"https:\/\/profeel.bzh\/wordpress\/wp-json\/wp\/v2\/posts\/17156\/revisions"}],"wp:attachment":[{"href":"https:\/\/profeel.bzh\/wordpress\/wp-json\/wp\/v2\/media?parent=17156"}],"wp:term":[{"taxonomy":"category","embeddable":true,"href":"https:\/\/profeel.bzh\/wordpress\/wp-json\/wp\/v2\/categories?post=17156"},{"taxonomy":"post_tag","embeddable":true,"href":"https:\/\/profeel.bzh\/wordpress\/wp-json\/wp\/v2\/tags?post=17156"}],"curies":[{"name":"wp","href":"https:\/\/api.w.org\/{rel}","templated":true}]}}