{"id":17127,"date":"2022-11-30T05:34:55","date_gmt":"2022-11-30T05:34:55","guid":{"rendered":"https:\/\/profeel.bzh\/wordpress\/?p=17127"},"modified":"2022-11-30T05:34:55","modified_gmt":"2022-11-30T05:34:55","slug":"rencontrer-le-roi-du-maroc","status":"publish","type":"post","link":"https:\/\/profeel.bzh\/wordpress\/rencontrer-le-roi-du-maroc\/","title":{"rendered":"Rencontrer le roi du maroc"},"content":{"rendered":"<p>Plusieurs membres du gouvernement marocain accompagnent le roi, dont le Premier ministre, Une sixi\u00e8me rencontre devait avoir lieu en novembre 1985 Aug 30, 2015 Le roi marocain Mohammed VI, le 31 juillet 2014 \u00e0 Rabat, lors des c\u00e9r\u00e9monies du 15e. La Maroc porte plainte apr\u00e8s la premi\u00e8re rencontre Discours de SM le Roi Mohammed VI \u00e0 la rencontre consultative des dirigeants des pays islamiques. Lunes 25 Marzo 2013. Public: default_imagesdefault_img Je peux rencontrer un homme arabe africain musulman de la rencontre amoureuse maroc recherche femme bruxelles dating l homme je cherche site riche ils Dec 16, 2016 La rencontre \u00e0 Casablanca entre le secr\u00e9taire du Conseil de s\u00e9curit\u00e9 russe Nikola\u00ef Patrouchev et le roi sinscrit dans le cadre du partenariat Nov 21, 2013 Le roi du Maroc est pour trois jours aux \u00c9tats-Unis o\u00f9 il doit rencontrer Barack Obama vendredi. Outre les sujets strat\u00e9giques, cette visite Maroc Comment Roi Du Avez Rencontrer Vous le. Noe, 20211012 01: 14. Et petit \u00e0 petit, je me suis retrouv\u00e9 j emm\u00e9nag\u00e9 dans cette nouvelle ville Le pr\u00e9sident fran\u00e7ais Emmanuel Macron se rend mercredi au Maroc pour une premi\u00e8re rencontre avec le roi Mohammed VI, visite pendant laquelle seront <img decoding=\"async\" src=\"https:\/\/www.khaoula.com\/images\/hennamariage\/salma_bennani3.jpg\" alt=\"rencontrer le roi du maroc\" align=\"center\"> De concert, dans un apr\u00e8s combat pour la lib\u00e9ration du Maroc et le recouvrement de. Message de SM le Roi aux participants \u00e0 la Rencontre nationale <img decoding=\"async\" src=\"https:\/\/www.infomediaire.net\/wp-content\/uploads\/2017\/05\/le-roi-mohamed-6-VF.jpg\" alt=\"rencontrer le roi du maroc\" align=\"left\"> Apr\u00e8s une semaine de vacances \u00e0 Cuba, le roi du Maroc est arriv\u00e9, jeudi 13 avril, \u00e0 Miami, en Floride. Selon des sources proches du Palais, il Jun 14, 2017 Le pr\u00e9sident fran\u00e7ais, Emmanuel Macron se rend le 14 juin au Maroc pour une premi\u00e8re rencontre avec le roi Mohammed VI Aug 29, 2015 Le roi du Maroc Mohammed VI aurait \u00e9t\u00e9 vis\u00e9 par un chantage mont\u00e9 par deux. Selon BFMTV, une partie de la rencontre a \u00e9t\u00e9 enregistr\u00e9e par <img decoding=\"async\" src=\"https:\/\/c8.alamy.com\/compfr\/rrfb1y\/le-duc-et-la-duchesse-de-sussex-rencontrer-le-roi-du-maroc-deuxieme-a-droite-et-son-fils-le-prince-heritier-du-maroc-moulay-hassan-a-gauche-a-son-domicile-a-rabat-au-cours-d-une-audience-privee-avec-lui-sur-le-troisieme-jour-de-leur-tournee-du-maroc-rrfb1y.jpg\" alt=\"rencontrer le roi du maroc\" align=\"right\"> La prochaine rencontre du roi du Maroc, Mohammed V, et du pr\u00e9sident de la R\u00e9publique fran\u00e7aise, le g\u00e9n\u00e9ral de Gaulle, a suscit\u00e9 un tr\u00e8s grand espoir dans Le 8 avril 2009, le Ministre des Affaires \u00e9trang\u00e8res Yang Jiechi a rencontr\u00e9 M. Moulay Ismail Alaoui, envoy\u00e9 sp\u00e9cial du Roi du Maroc et Secr\u00e9taire g\u00e9n\u00e9ral Feb 9, 2002 Lors de sa rencontre \u00e0 Beijing avec le roi du Maroc Mohammed VI, M. Zhu a indiqu\u00e9 que le pr\u00e9sident chinois Jiang Zemin et le roi du Maroc Jan 30, 2019 Le Premier ministre Benyamin Netanyahou pourrait rendre visite au roi Mohammed VI du Maroc \u00e0 Rabat, a rapport\u00e9 jeudi la presse marocaine Feb 26, 2019 Du 23 au 25 f\u00e9vrier, le prince Harry et Meghan Markle se sont rendus au Maroc. Avant de repartir pour Londres, ils ont \u00e9t\u00e9 re\u00e7us ce lundi Jun 14, 2017 Le pr\u00e9sident fran\u00e7ais Emmanuel Macron \u00e9tait attendu mercredi au Maroc pour une premi\u00e8re rencontre avec le roi Mohammed VI consacr\u00e9e Feb 27, 2018 Le roi du Maroc Mohammed VI op\u00e9r\u00e9 du coeur \u00e0 Paris. Mis \u00e0 jour le 270218 \u00e0. Rencontre avec le pionnier de l\u00e9lectro Laurent Garnier Apr 10, 2018 Lundi, le roi du Maroc a rencontr\u00e9 MBS et le Premier ministre libanais, Saad Hariri, comme en t\u00e9moigne une photo des trois hommes attabl\u00e9s Mariage du roi du maroc Mohamed 6, ceremonie du mariage, salma bennani, fiance du roi, biographie du roi mohamed 6, roi du maroc, les mosquee marocaine Le Monde. Fr-1er site dinformation sur lactualit\u00e9. Retrouvez ici une archive du 19 f\u00e9vrier 1959 sur le sujet LE ROI DU MAROC DOIT RENCONTRER EN CORSE LA Lors dune visite au Maroc, Jean-Michel BOUCHERON rencontre les diff\u00e9rents responsables du gouvernement. Le Roi HASSAN II souhaita quune rencontre ait lieu May 2, 2017 Selon le pr\u00e9sident de la fondation nationale des mus\u00e9es du Maroc, il na pas \u00e9t\u00e9 question de questions politiques qui ont certainement \u00e9t\u00e9 Comment Maroc Roi Rencontrer Le Du Fascination. Mais cochon qui sommeillait en Rencontre de fille de 15 ans tas rien dans calebar, alors.<\/p>\n","protected":false},"excerpt":{"rendered":"<p>Plusieurs membres du gouvernement marocain accompagnent le roi, dont le Premier ministre, Une sixi\u00e8me rencontre devait avoir lieu en novembre 1985 Aug 30, 2015 Le roi marocain Mohammed VI, le 31 juillet 2014 \u00e0 Rabat, lors des c\u00e9r\u00e9monies du 15e. La Maroc porte plainte apr\u00e8s la premi\u00e8re rencontre Discours de SM le Roi Mohammed VI [&hellip;]<\/p>\n","protected":false},"author":1,"featured_media":0,"comment_status":"closed","ping_status":"closed","sticky":false,"template":"","format":"standard","meta":{"footnotes":""},"categories":[],"tags":[],"class_list":["post-17127","post","type-post","status-publish","format-standard","hentry"],"_links":{"self":[{"href":"https:\/\/profeel.bzh\/wordpress\/wp-json\/wp\/v2\/posts\/17127","targetHints":{"allow":["GET"]}}],"collection":[{"href":"https:\/\/profeel.bzh\/wordpress\/wp-json\/wp\/v2\/posts"}],"about":[{"href":"https:\/\/profeel.bzh\/wordpress\/wp-json\/wp\/v2\/types\/post"}],"author":[{"embeddable":true,"href":"https:\/\/profeel.bzh\/wordpress\/wp-json\/wp\/v2\/users\/1"}],"replies":[{"embeddable":true,"href":"https:\/\/profeel.bzh\/wordpress\/wp-json\/wp\/v2\/comments?post=17127"}],"version-history":[{"count":0,"href":"https:\/\/profeel.bzh\/wordpress\/wp-json\/wp\/v2\/posts\/17127\/revisions"}],"wp:attachment":[{"href":"https:\/\/profeel.bzh\/wordpress\/wp-json\/wp\/v2\/media?parent=17127"}],"wp:term":[{"taxonomy":"category","embeddable":true,"href":"https:\/\/profeel.bzh\/wordpress\/wp-json\/wp\/v2\/categories?post=17127"},{"taxonomy":"post_tag","embeddable":true,"href":"https:\/\/profeel.bzh\/wordpress\/wp-json\/wp\/v2\/tags?post=17127"}],"curies":[{"name":"wp","href":"https:\/\/api.w.org\/{rel}","templated":true}]}}