{"id":17121,"date":"2022-11-30T05:34:10","date_gmt":"2022-11-30T05:34:10","guid":{"rendered":"https:\/\/profeel.bzh\/wordpress\/?p=17121"},"modified":"2022-11-30T05:34:10","modified_gmt":"2022-11-30T05:34:10","slug":"rencontre-personne-agees","status":"publish","type":"post","link":"https:\/\/profeel.bzh\/wordpress\/rencontre-personne-agees\/","title":{"rendered":"Rencontre personne agees"},"content":{"rendered":"<p><img decoding=\"async\" src=\"https:\/\/www.maintienadomicile-conseils.com\/wp-content\/uploads\/2014\/07\/site-de-rencontre-seniors-464x232.jpg\" alt=\"rencontre personne agees\" align=\"left\"> Une personne \u00e2g\u00e9e peut b\u00e9n\u00e9ficier de lallocation personnalis\u00e9e dautonomie Apa en cas de perte dautonomie, de lallocation de solidarit\u00e9 aux personnes Oct 17, 2017. Votre salari\u00e9 \u00e0 domicile pour des activit\u00e9s de service \u00e0 la personne. De m\u00e9nage ou pour accompagner une personne \u00e2g\u00e9e ou handicap\u00e9e Sep 23, 2021 C\u00e9tait lun des chantiers prioritaire dEmmanuel Macron. Et pourtant, il ny aura pas de grande loi sur la d\u00e9pendance aux personnes \u00e2g\u00e9es Sep 4, 2012 O\u00f9 en est le projet des huit villas pour personnes \u00e2g\u00e9es. En fin dann\u00e9e 2012, une villa t\u00e9moin enti\u00e8rement termin\u00e9e pourra recevoir la visite Les CM2 \u00e0 la rencontre des personnes \u00e2g\u00e9es. Par ecoleyvesjouan dans Rencontres inter-g\u00e9n\u00e9rationnelles le 9 Novembre 2019 \u00e0 11: 16 Apr\u00e8s 50 ans, rencontrer de nouvelles personnes se fait plus rare. Avec des s\u00e9niors de leur \u00e2ge \u00e0 la recherche eux aussi dune relation platonique Apr 13, 2021 Covid-19. Un Vaccibus \u00e0 la rencontre des personnes \u00e2g\u00e9es en Haute-Garonne. Afin de compl\u00e9ter loffre de vaccination et daller au plus pr\u00e8s 15 hours ago Nous sommes all\u00e9s \u00e0 la rencontre des personnes concern\u00e9es pour comprendre leur parcours de vie et leurs conditions de logement <img decoding=\"async\" src=\"https:\/\/cdn-s-www.lalsace.fr\/images\/B9652149-BE03-4637-9BEB-3FC344D45BCF\/MF_contenu\/a-la-rencontre-des-personnes-agees-1489176341.jpg\" alt=\"rencontre personne agees\" align=\"right\"> Le trouble panique a une faible pr\u00e9valence chez les personnes \u00e2g\u00e9es, Qui d\u00e9clenchent imm\u00e9diatement une anxi\u00e9t\u00e9 lorsque la personne les rencontre Oct 8, 2021 Ces rencontres sont des moments riches d\u00e9changes et de convivialit\u00e9. Les visites de courtoisie aupr\u00e8s des personnes \u00e2g\u00e9es ou seules ont Apr 5, 2020 Et des d\u00e9partements, chefs de file des politiques de solidarit\u00e9, dont le c\u0153ur de m\u00e9tier parfois mal connu est pr\u00e9cis\u00e9ment le soutien des plus Le Conseil d\u00e9partemental et ses partenaires sengagent dans la pr\u00e9vention de la perte dautonomie chez les personnes \u00e2g\u00e9es de plus de 60. Rencontre Une association qui cr\u00e9e des liens entre les personnes \u00e2g\u00e9es et leurs voisins Retrouvez-nous sur Facebook Ils ont dix, vingt, trente ans d\u00e9cart mais cette diff\u00e9rence d\u00e2ge ne les a. Des personnes en manque affectif, sils ont v\u00e9cu une situation dabandon ou Dec 13, 2016 Ce mardi 13 d\u00e9cembre, le candidat aux \u00e9lections pr\u00e9sidentielles \u00e9tait en d\u00e9placement \u00e0 Bordeaux. Apr\u00e8s avoir rencontr\u00e9 des personnes \u00e2g\u00e9es Sep 3, 2019 Un appel \u00e0 candidature est dailleurs lanc\u00e9. Pau Partage, cest lun des dispositifs qui lutte contre lisolement des personnes \u00e2g\u00e9es. Depuis <img decoding=\"async\" src=\"https:\/\/c8.alamy.com\/compfr\/2f2yby5\/la-rencontre-tant-attendue-des-personnes-agees-2f2yby5.jpg\" alt=\"rencontre personne agees\" align=\"center\"> Apr 26, 2021 Comparatif des 3 meilleurs sites de rencontres pour Senior. Plusieurs sites de rencontre pour personnes \u00e2g\u00e9es ont depuis peu marqu\u00e9 leur.<\/p>\n","protected":false},"excerpt":{"rendered":"<p>Une personne \u00e2g\u00e9e peut b\u00e9n\u00e9ficier de lallocation personnalis\u00e9e dautonomie Apa en cas de perte dautonomie, de lallocation de solidarit\u00e9 aux personnes Oct 17, 2017. Votre salari\u00e9 \u00e0 domicile pour des activit\u00e9s de service \u00e0 la personne. De m\u00e9nage ou pour accompagner une personne \u00e2g\u00e9e ou handicap\u00e9e Sep 23, 2021 C\u00e9tait lun des chantiers prioritaire dEmmanuel [&hellip;]<\/p>\n","protected":false},"author":1,"featured_media":0,"comment_status":"closed","ping_status":"closed","sticky":false,"template":"","format":"standard","meta":{"footnotes":""},"categories":[],"tags":[],"class_list":["post-17121","post","type-post","status-publish","format-standard","hentry"],"_links":{"self":[{"href":"https:\/\/profeel.bzh\/wordpress\/wp-json\/wp\/v2\/posts\/17121","targetHints":{"allow":["GET"]}}],"collection":[{"href":"https:\/\/profeel.bzh\/wordpress\/wp-json\/wp\/v2\/posts"}],"about":[{"href":"https:\/\/profeel.bzh\/wordpress\/wp-json\/wp\/v2\/types\/post"}],"author":[{"embeddable":true,"href":"https:\/\/profeel.bzh\/wordpress\/wp-json\/wp\/v2\/users\/1"}],"replies":[{"embeddable":true,"href":"https:\/\/profeel.bzh\/wordpress\/wp-json\/wp\/v2\/comments?post=17121"}],"version-history":[{"count":0,"href":"https:\/\/profeel.bzh\/wordpress\/wp-json\/wp\/v2\/posts\/17121\/revisions"}],"wp:attachment":[{"href":"https:\/\/profeel.bzh\/wordpress\/wp-json\/wp\/v2\/media?parent=17121"}],"wp:term":[{"taxonomy":"category","embeddable":true,"href":"https:\/\/profeel.bzh\/wordpress\/wp-json\/wp\/v2\/categories?post=17121"},{"taxonomy":"post_tag","embeddable":true,"href":"https:\/\/profeel.bzh\/wordpress\/wp-json\/wp\/v2\/tags?post=17121"}],"curies":[{"name":"wp","href":"https:\/\/api.w.org\/{rel}","templated":true}]}}