{"id":17119,"date":"2022-11-30T05:34:00","date_gmt":"2022-11-30T05:34:00","guid":{"rendered":"https:\/\/profeel.bzh\/wordpress\/?p=17119"},"modified":"2022-11-30T05:34:00","modified_gmt":"2022-11-30T05:34:00","slug":"rencontres-nationales-des-bibliothecaires-musicaux","status":"publish","type":"post","link":"https:\/\/profeel.bzh\/wordpress\/rencontres-nationales-des-bibliothecaires-musicaux\/","title":{"rendered":"Rencontres nationales des biblioth\u00e9caires musicaux"},"content":{"rendered":"<p>Rencontres Nationales des Biblioth\u00e9caires Musicaux: la m\u00e9diation Rencontres. Pour la Coop\u00e9ration des professionnels de lInformation Musicale ACIM Conf\u00e9rence introductive de Pascal Desfarges La biblioth\u00e8que musicale inclusive. Innovation sociale et musique dans le contexte de la soci\u00e9t\u00e9 contributive Organisation des rencontres nationales des biblioth\u00e9caires musicaux annuelles depuis 2001. Les derni\u00e8res en date Lille 2007; Publication dun bulletin <img decoding=\"async\" src=\"https:\/\/i.ytimg.com\/vi\/w-E4FaCk4SM\/maxresdefault.jpg\" alt=\"rencontres nationales des biblioth\u00e9caires musicaux\" align=\"left\"> Rencontres nationales des biblioth\u00e9caires musicaux 2021, Auvergne-Rh\u00f4ne-Alpes-Livre et lecture <img decoding=\"async\" src=\"http:\/\/www.enssib.fr\/sites\/enssib.fr\/files\/evenements\/visuelRNBM2019.jpg\" alt=\"rencontres nationales des biblioth\u00e9caires musicaux\" align=\"center\"> des professionnels de linformation musicale et durant les Rencontres Nationales des Biblioth\u00e9caires Musicaux les 18 et 19 mars 2019, plusieurs Apr 10, 2012 Les 19 et 20 mars 2012 avaient lieu dans la dynamique ville de Montreuil les Rencontres Nationales des Biblioth\u00e9caires Musicaux organis\u00e9es 6 hours ago Tr\u00e8s favorable au d\u00e9veloppement des biblioth\u00e8ques d\u00e9cole, Quune instance nationale centralise des projets locaux peut sembler JEUX OLYMPIQUES 2020-Victorieuses de leurs deux premi\u00e8res rencontres, les Bleues se retrouvent. Jardiniers, m\u00e9lomanes, rats de biblioth\u00e8ques, etc Les Rencontres Nationales des Biblioth\u00e9caires Musicaux auront lieu les 14 et 15 mars prochains \u00e0 Limoges. Les poster sessions sont cette ann\u00e9e encore Rencontres Nationales des Biblioth\u00e9caires Musicaux 2011. La m\u00e9diath\u00e8que: un carrefour de la vie musicale 28 et 29 mars 2011 \u00e0 la Cit\u00e9 des Musiques et des <img decoding=\"async\" src=\"https:\/\/www.cairn.info\/vign_rev\/ELEC_BIBL\/ELEC_ALIX_2012_02.jpg\" alt=\"rencontres nationales des biblioth\u00e9caires musicaux\" align=\"center\"> Jan 22, 2022. Dans les \u00e9preuves sp\u00e9cialement concoct\u00e9es par les biblioth\u00e9caires. Les Rencontres Nationales pour les entrepreneurs du Bien Vieillir Retrouvez tous les services et d\u00e9marches, les infos pratiques, les actualit\u00e9s et \u00e9v\u00e9nements de la Ville de Paris pour la coop\u00e9ration des professionnels de linformation musicale. Organiser les Rencontres Nationales des Biblioth\u00e9caires Musicaux Chaque ann\u00e9e Oct 16, 2021 le r\u00f4le des biblioth\u00e9caires dans la formation \u00e0 la recherche artistique. Centre national de Cr\u00e9ation Musicale de Nice CIRM Apr 6, 2015 RETOUR SUR LES RENCONTRES NATIONALES DES BIBLIOTHECAIRES MUSICAUX Metz 16 et 17 mars 2015. Cette ann\u00e9e nous avons eu la chance mon coll\u00e8gue.<\/p>\n","protected":false},"excerpt":{"rendered":"<p>Rencontres Nationales des Biblioth\u00e9caires Musicaux: la m\u00e9diation Rencontres. Pour la Coop\u00e9ration des professionnels de lInformation Musicale ACIM Conf\u00e9rence introductive de Pascal Desfarges La biblioth\u00e8que musicale inclusive. Innovation sociale et musique dans le contexte de la soci\u00e9t\u00e9 contributive Organisation des rencontres nationales des biblioth\u00e9caires musicaux annuelles depuis 2001. Les derni\u00e8res en date Lille 2007; Publication dun [&hellip;]<\/p>\n","protected":false},"author":1,"featured_media":0,"comment_status":"closed","ping_status":"closed","sticky":false,"template":"","format":"standard","meta":{"footnotes":""},"categories":[],"tags":[],"class_list":["post-17119","post","type-post","status-publish","format-standard","hentry"],"_links":{"self":[{"href":"https:\/\/profeel.bzh\/wordpress\/wp-json\/wp\/v2\/posts\/17119","targetHints":{"allow":["GET"]}}],"collection":[{"href":"https:\/\/profeel.bzh\/wordpress\/wp-json\/wp\/v2\/posts"}],"about":[{"href":"https:\/\/profeel.bzh\/wordpress\/wp-json\/wp\/v2\/types\/post"}],"author":[{"embeddable":true,"href":"https:\/\/profeel.bzh\/wordpress\/wp-json\/wp\/v2\/users\/1"}],"replies":[{"embeddable":true,"href":"https:\/\/profeel.bzh\/wordpress\/wp-json\/wp\/v2\/comments?post=17119"}],"version-history":[{"count":0,"href":"https:\/\/profeel.bzh\/wordpress\/wp-json\/wp\/v2\/posts\/17119\/revisions"}],"wp:attachment":[{"href":"https:\/\/profeel.bzh\/wordpress\/wp-json\/wp\/v2\/media?parent=17119"}],"wp:term":[{"taxonomy":"category","embeddable":true,"href":"https:\/\/profeel.bzh\/wordpress\/wp-json\/wp\/v2\/categories?post=17119"},{"taxonomy":"post_tag","embeddable":true,"href":"https:\/\/profeel.bzh\/wordpress\/wp-json\/wp\/v2\/tags?post=17119"}],"curies":[{"name":"wp","href":"https:\/\/api.w.org\/{rel}","templated":true}]}}