{"id":17084,"date":"2022-11-30T05:30:16","date_gmt":"2022-11-30T05:30:16","guid":{"rendered":"https:\/\/profeel.bzh\/wordpress\/?p=17084"},"modified":"2022-11-30T05:30:16","modified_gmt":"2022-11-30T05:30:16","slug":"rencontre-marcel-rufo","status":"publish","type":"post","link":"https:\/\/profeel.bzh\/wordpress\/rencontre-marcel-rufo\/","title":{"rendered":"Rencontre marcel rufo"},"content":{"rendered":"<p>Rencontres dAntibes Juan-les-Pins-Conf\u00e9rence du 21 mars avec Marcel Rufo. Comment garder une Aug 30, 2019 Version Femina vous propose de rencontrer et poser vos questions au Pr Marcel Rufo, p\u00e9dopsychiatre, LA r\u00e9f\u00e9rence en mati\u00e8re de famille Mar 6, 2014 Le 17 mars \u00e0 20 h, \u00e0 lAlhambra Cin\u00e9Marseille, projection de Tomboy de C\u00e9line Sciamma avec Zo\u00e9 H\u00e9ran, Malonn L\u00e9vana, Jeanne Disson May 21, 2007 R\u00e9guli\u00e8rement, le p\u00e9dopsychiatre Marcel Rufo vous donne des. En sc\u00e8ne les rencontres merveilleuses quelle recherchera toute sa vie <img decoding=\"async\" src=\"https:\/\/www.letelegramme.fr\/images\/2019\/09\/19\/brest-conference-les-crises-d-ados-par-marcel-rufo_4811973.jpg\" alt=\"rencontre marcel rufo\" align=\"left\"> Feb 2, 2013 Voici un nouveau livre du plus connu et plus m\u00e9diatis\u00e9 des p\u00e9dopsychiatre Marcel Ruffo qui a remplac\u00e9 Dolto dans le coeur des francais Apr 27, 2016 Le m\u00e9diatique p\u00e9dopsychiatre Marcel Rufo sera demain \u00e0 Nice pour animer une rencontre-d\u00e9bat avec le public sur le th\u00e8me Quand emmener son <img decoding=\"async\" src=\"https:\/\/cdn-elle.ladmedia.fr\/var\/plain_site\/storage\/images\/personnalites\/marcel-rufo\/12266365-5-fre-FR\/Marcel-Rufo.jpg\" alt=\"rencontre marcel rufo\" align=\"right\"> Parmi les innombrables patients que Marcel Rufo a rencontr\u00e9s au cours de sa carri\u00e8re, il a choisi sept histoires. Un cas dautisme infantile Feb 23, 2017 Lors dune rencontre avec cinq m\u00e8res musulmanes au sein de lassociation AMEL au Liban, hier, il raconte comment celles-ci acceptaient de Oct 23, 2018 Marcel Rufo donnera une conf\u00e9rence le 30 novembre prochain \u00e0 loccasion de la sortie de son livre Qui commande ici Jun 5, 2015 Samedi 6 juin 2015, Marcel Rufo, p\u00e9dopsychiatre, r\u00e9pondra aux questions des familles lors dune rencontre-d\u00e9bat sur le th\u00e8me fr\u00e8res et Jun 29, 2014 Est-ce le hasard qui sinvite dans ces rencontres Oui. Le hasard peut r\u00e9ussir: une belle histoire damour peut partir dune rencontre de By M Rufo 2008 Cited by 1 Mon m\u00e9tier consiste \u00e0 rencontrer des parents, des enfants et \u00e0 essayer de donner sens. Car je r\u00eavais de marine, \u00e0 la mani\u00e8re des h\u00e9ros de Marcel Pagnol Mar 9, 2019 N Toulon le 31 dcembre 1944, Marcel Rufo est un pdopsychiatre, Je dcrirai lblouissement de mes rencontres avec les Matres qui mont form et Jun 10, 2020 Venez \u00e9couter Marcel Rufo qui nous parle de leurs r\u00e9actions et relations avec leur entourage. Une rencontre qui tombe \u00e0 point nomm\u00e9 en cette Sep 19, 2019 Rencontrez Marcel Rufo, p\u00e9diopsychoatre, et et participez \u00e0 notre. Site: https: www Femina. Frdossierles-rencontres-version-femina Mar 22, 2019 Anne Carri\u00e8re, 2018, Marcel Rufo sint\u00e9resse aux enfants tyrans. Ce sont ces enfants autoritaires et exigeants qui ne reculent devant rien Marcel Rufo va aussi \u00e0 la rencontre denfants et dadolescents avec lempathie qui le caract\u00e9rise, comme dans oedipe toi-m\u00eame, son premier ouvrage, publi\u00e9 en <img decoding=\"async\" src=\"http:\/\/idata.over-blog.com\/4\/25\/74\/33\/Rufo.jpg\" alt=\"rencontre marcel rufo\" align=\"center\"> Oct 2, 2020 En vous abonnant \u00e0 LOrient-Le Jour, vous contribuez \u00e0 pr\u00e9server son ind\u00e9pendance financi\u00e8re et donc \u00e9ditoriale rencontre avec marcel rufo Marcel Rufo va aussi \u00e0 la rencontre denfants et dadolescents avec lempathie qui le caract\u00e9rise, comme dans oedipe toi-m\u00eame, son premier ouvrage, publi\u00e9 en \u00e9crits par des sp\u00e9cialistes de lenfance et de ladolescence tels que Marcel Rufo, St\u00e9phane Clerget, Jeanne Siaud-Facchin, Emmanuelle Piquet, etc Jun 8, 2015 A lissue de la rencontre-d\u00e9bat, Marcel Rufo d\u00e9dicacera quelques uns de ses ouvrages. Au programme pour les tout-petits, \u00e0 14h30 On y rencontre notamment un nombre significatif denfants tyrans, qui formaient autrefois lexception. Il sagit denfants autoritaires et hyper-exigeants qui n.<\/p>\n","protected":false},"excerpt":{"rendered":"<p>Rencontres dAntibes Juan-les-Pins-Conf\u00e9rence du 21 mars avec Marcel Rufo. Comment garder une Aug 30, 2019 Version Femina vous propose de rencontrer et poser vos questions au Pr Marcel Rufo, p\u00e9dopsychiatre, LA r\u00e9f\u00e9rence en mati\u00e8re de famille Mar 6, 2014 Le 17 mars \u00e0 20 h, \u00e0 lAlhambra Cin\u00e9Marseille, projection de Tomboy de C\u00e9line Sciamma avec [&hellip;]<\/p>\n","protected":false},"author":1,"featured_media":0,"comment_status":"closed","ping_status":"closed","sticky":false,"template":"","format":"standard","meta":{"footnotes":""},"categories":[],"tags":[],"class_list":["post-17084","post","type-post","status-publish","format-standard","hentry"],"_links":{"self":[{"href":"https:\/\/profeel.bzh\/wordpress\/wp-json\/wp\/v2\/posts\/17084","targetHints":{"allow":["GET"]}}],"collection":[{"href":"https:\/\/profeel.bzh\/wordpress\/wp-json\/wp\/v2\/posts"}],"about":[{"href":"https:\/\/profeel.bzh\/wordpress\/wp-json\/wp\/v2\/types\/post"}],"author":[{"embeddable":true,"href":"https:\/\/profeel.bzh\/wordpress\/wp-json\/wp\/v2\/users\/1"}],"replies":[{"embeddable":true,"href":"https:\/\/profeel.bzh\/wordpress\/wp-json\/wp\/v2\/comments?post=17084"}],"version-history":[{"count":0,"href":"https:\/\/profeel.bzh\/wordpress\/wp-json\/wp\/v2\/posts\/17084\/revisions"}],"wp:attachment":[{"href":"https:\/\/profeel.bzh\/wordpress\/wp-json\/wp\/v2\/media?parent=17084"}],"wp:term":[{"taxonomy":"category","embeddable":true,"href":"https:\/\/profeel.bzh\/wordpress\/wp-json\/wp\/v2\/categories?post=17084"},{"taxonomy":"post_tag","embeddable":true,"href":"https:\/\/profeel.bzh\/wordpress\/wp-json\/wp\/v2\/tags?post=17084"}],"curies":[{"name":"wp","href":"https:\/\/api.w.org\/{rel}","templated":true}]}}