{"id":17082,"date":"2022-11-30T05:29:57","date_gmt":"2022-11-30T05:29:57","guid":{"rendered":"https:\/\/profeel.bzh\/wordpress\/?p=17082"},"modified":"2022-11-30T05:29:57","modified_gmt":"2022-11-30T05:29:57","slug":"rencontres-franco-allemandes-du-cinema","status":"publish","type":"post","link":"https:\/\/profeel.bzh\/wordpress\/rencontres-franco-allemandes-du-cinema\/","title":{"rendered":"Rencontres franco allemandes du cin\u00e9ma"},"content":{"rendered":"<p>Dec 18, 2018 Cin\u00e9ma-Rencontre franco-allemande Vendredi 14 d\u00e9cembre, projection du film Le miracle de Berne en allemand pour les 3\u00e83 et 3\u00e84 L\u00e9quipe dEmeraude Kino a d\u00fb annuler la Semaine du Cin\u00e9ma Allemand en Mai. Une dizaine de films, une conf\u00e9rence, une rencontre, 13 films diff\u00e9rents Association culturelle franco-allemande. Des rencontres franco-allemandes. \u00c9changer autour de lactualit\u00e9, de la litt\u00e9rature, du cin\u00e9ma La plateforme d\u00e9di\u00e9e aux films documentaires. Tout un univers de cin\u00e9ma avec des regards dauteurrices singuliers. Films de festivals, classiques May 22, 2018 Webdocumentaire: cinquante ans de coop\u00e9ration franco-allemande. De la signature du trait\u00e9 de l\u00c9lys\u00e9e entre la France et lAllemagne Les films de la derni\u00e8re \u00e9dition. Soir\u00e9es th\u00e9matiques, rencontres cin\u00e9matographiques, moments partag\u00e9s devenez adh\u00e9rents \u00e0 lassociation Cin\u00e9 Passion. Nos <img decoding=\"async\" src=\"https:\/\/ww2.ac-poitiers.fr\/sites\/allemand\/local\/cache-vignettes\/L150xH200\/arton734-a77fd.jpg\" alt=\"rencontres franco allemandes du cin\u00e9ma\" align=\"right\"> de l\u00e9criture, de la performance, du cin\u00e9ma, de la photographie, des m\u00e9dias etc. Vous trouverez ici des comptes rendus de rencontres franco-allemandes Sep 18, 2012 LES FESTIVALS INTERNATIONAUX DE CIN\u00c9MA de Cannes et de Berlin sont de. LES RENCONTRES FRANCO-ALLEMANDES D\u00c9VIAN r\u00e9unissent les grands Retrouvez lactualit\u00e9 du Sud Ouest en direct et toutes les informations r\u00e9gionales: politique, \u00e9conomie, sport, photos et vid\u00e9os <img decoding=\"async\" src=\"https:\/\/www.reforme.net\/wp-content\/uploads\/2021\/04\/Chapelle2-Emmanuel-Cattier.jpg\" alt=\"rencontres franco allemandes du cin\u00e9ma\" align=\"right\"> Oct 14, 2020 F\u00e9d\u00e9ration des cin\u00e9-clubs allemands, pour se charger ensemble de la d\u00e9fense du cin\u00e9ma comme moyen dexpression artistique et politique, et les 13 hours ago Par la simple gr\u00e2ce dune rencontre entre des mondes lointains, Th\u00e9\u00e2tral imagin\u00e9 par le metteur en sc\u00e8ne franco-allemand en 1995 By L Chartain 2016 En quoi le cin\u00e9ma allemand contemporain peut-il favoriser, pour le spectateur fran\u00e7ais, de nouvelles modalit\u00e9s de rencontre avec lAutre La prochaine \u00e9dition de la quinzaine Franco-Allemande en Occitanie QFAO aura lieu du 3 au 22. Cin\u00e9ma Diagonal-5 rue de Verdun-34000 Montpellier ax\u00e9 sur des rencontres franco-germano-polonaises autour du cin\u00e9ma:. Dans le jeune jury franco-allemand charg\u00e9 de remettre le Prix KINEMA lors du <img decoding=\"async\" src=\"https:\/\/www.francetvinfo.fr\/pictures\/N8N9asUkILH34tbM6kTPbWVtY8s\/1200x675\/2021\/12\/11\/eltVideoWs-2ce141f4-5a73-11ec-aa6e-000d3a2427ab-61b487c6f235b.jpg\" alt=\"rencontres franco allemandes du cin\u00e9ma\" align=\"left\"> 5 Office franco-allemand pour la Jeunesse OFAJ. Rencontres franco-allemandes. Production de films allemands et fran\u00e7ais depuis sa jeunesse Il sagit dun projet de la Commission franco-allemande de la jeunesse qui. Des contributions de tout organisateur de rencontres franco-allemandes Jan 7, 2013 LEurope, la voie de r\u00e9conciliation franco-allemande, D\u00e9tudes allemandes \u00e0 luniversit\u00e9 de Strasbourg, sp\u00e9cialiste du cin\u00e9ma 8 days ago Je suis s\u00fbr que les relations franco-allemandes continueront de s\u00e9panouir. A martel\u00e9 M. Scholz, apr\u00e8s une rencontre avec le pr\u00e9sident du Oct 12, 2021. Cette manifestation propose un d\u00e9bat autour dun documentaire en pr\u00e9sence des intervenants du film. Ceux-ci, Fran\u00e7ais et Allemands Oct 17, 2020 De la m\u00eame fa\u00e7on, on doit aux rencontres franco-allemandes l Internationales Filmfestival Mannheim, fond\u00e9 en 1952 par le cin\u00e9-club de.<\/p>\n","protected":false},"excerpt":{"rendered":"<p>Dec 18, 2018 Cin\u00e9ma-Rencontre franco-allemande Vendredi 14 d\u00e9cembre, projection du film Le miracle de Berne en allemand pour les 3\u00e83 et 3\u00e84 L\u00e9quipe dEmeraude Kino a d\u00fb annuler la Semaine du Cin\u00e9ma Allemand en Mai. Une dizaine de films, une conf\u00e9rence, une rencontre, 13 films diff\u00e9rents Association culturelle franco-allemande. Des rencontres franco-allemandes. \u00c9changer autour de [&hellip;]<\/p>\n","protected":false},"author":1,"featured_media":0,"comment_status":"closed","ping_status":"closed","sticky":false,"template":"","format":"standard","meta":{"footnotes":""},"categories":[],"tags":[],"class_list":["post-17082","post","type-post","status-publish","format-standard","hentry"],"_links":{"self":[{"href":"https:\/\/profeel.bzh\/wordpress\/wp-json\/wp\/v2\/posts\/17082","targetHints":{"allow":["GET"]}}],"collection":[{"href":"https:\/\/profeel.bzh\/wordpress\/wp-json\/wp\/v2\/posts"}],"about":[{"href":"https:\/\/profeel.bzh\/wordpress\/wp-json\/wp\/v2\/types\/post"}],"author":[{"embeddable":true,"href":"https:\/\/profeel.bzh\/wordpress\/wp-json\/wp\/v2\/users\/1"}],"replies":[{"embeddable":true,"href":"https:\/\/profeel.bzh\/wordpress\/wp-json\/wp\/v2\/comments?post=17082"}],"version-history":[{"count":0,"href":"https:\/\/profeel.bzh\/wordpress\/wp-json\/wp\/v2\/posts\/17082\/revisions"}],"wp:attachment":[{"href":"https:\/\/profeel.bzh\/wordpress\/wp-json\/wp\/v2\/media?parent=17082"}],"wp:term":[{"taxonomy":"category","embeddable":true,"href":"https:\/\/profeel.bzh\/wordpress\/wp-json\/wp\/v2\/categories?post=17082"},{"taxonomy":"post_tag","embeddable":true,"href":"https:\/\/profeel.bzh\/wordpress\/wp-json\/wp\/v2\/tags?post=17082"}],"curies":[{"name":"wp","href":"https:\/\/api.w.org\/{rel}","templated":true}]}}