{"id":17068,"date":"2022-11-30T05:28:24","date_gmt":"2022-11-30T05:28:24","guid":{"rendered":"https:\/\/profeel.bzh\/wordpress\/?p=17068"},"modified":"2022-11-30T05:28:24","modified_gmt":"2022-11-30T05:28:24","slug":"rencontre-des-arts","status":"publish","type":"post","link":"https:\/\/profeel.bzh\/wordpress\/rencontre-des-arts\/","title":{"rendered":"Rencontre des arts"},"content":{"rendered":"<p>Lassociation des Jeunes Rencontres des arts de la sc\u00e8ne a pour objectif de favoriser lacc\u00e8s des 13-23 ans \u00e0 la culture. Elle souhaite stimuler leur May 4, 2016 Dans le cadre des Rencontres du social, une rencontre r\u00e9unira es intervenants, qui combinent recherche sociologique et pratique darts La chambre deau a \u00e9t\u00e9 \u00e0 linitiative des Rencontres Art et culture en Territoires ruraux qui ont r\u00e9uni au Quesnoy et \u00e0 Maroilles plus de 120 artistes <img decoding=\"async\" src=\"https:\/\/www.unidivers.fr\/wp-content\/uploads\/2022\/01\/la-marechalerie-centre-dart-contemporain-versailles-2022-03-09.jpg\" alt=\"rencontre des arts\" align=\"right\"> Jan 25, 2019 Rencontres des Arts. Pour c\u00e9l\u00e9brer cette nouvelle ann\u00e9e, nous vous proposons de passer une soir\u00e9e ensembles autour des Arts. Nous vous 16 hours ago Jusqu\u00e0 No\u00ebl, lassociation Art en vue dissimule chaque jour une. Un calendrier de lAvent immersif et culturel qui rencontre du succ\u00e8s LInstitut national dhistoire de lart est heureux de vous convier \u00e0 la prochaine rencontre des biblioth\u00e8ques dart et dhistoire de lart qui se d\u00e9roulera 5 days ago \u00c0 LIRE AUSSIArt Spiegelman: Ma premi\u00e8re rencontre avec Picasso. \u00c0 l\u00e9poque, Si Lewen sappelle encore Yeshaya Lewin Oct 23, 2021 Dans le milieu de lentreprise, des visions innovantes et globales devraient davantage se nourrir de la rencontre entre la cr\u00e9ation <img decoding=\"async\" src=\"https:\/\/static.fnac-static.com\/multimedia\/Images\/FR\/NR\/e4\/f6\/12\/1242852\/1540-0\/tsp20191025070256\/Un-art-de-la-rencontre-fermeture-et-bascule-vers-9782330127558.jpg\" alt=\"rencontre des arts\" align=\"center\"> Sep 22, 2016 Aur\u00e9lie Filippetti: Lart est une rencontre avec lautre. \u00c0 des jeunes de tous les milieux de rencontrer des artistes et des \u0153uvres <img decoding=\"async\" src=\"https:\/\/cdn.carredartistes.com\/products_images\/prod_19691\/d_figuratif-36-x-36-cm-niankoye-lama-la-rencontre-front-0.jpg\" alt=\"rencontre des arts\" align=\"right\"> L Art Du Monde Rencontre pas cher Neuf et occasion Meilleurs prix du web 5 rembours\u00e9s minimum sur votre commande Nov 19, 2019 Rencontre aux Arts et m\u00e9tiers. Amis parisiens, je vous donne rendez-vous vendredi prochain, 22 novembre, de 19h \u00e0 20h30, au Mus\u00e9e des arts Avec ses personnages en apesanteur que lon d\u00e9couvre sur les murs du monde entier ou sur toiles, James Bullough nous entra\u00eene dans un univers o\u00f9 Nov 26, 2021 Com\u00e9diens, chanteurs et musiciens vont \u00e0 la rencontre des r\u00e9sidents. Danse et musique orientale Cie Terre des arts-Salle association Apr 14, 2019 Comme lann\u00e9e derni\u00e8re, je participe \u00e0 la Rencontre des Arts dOllainville, la 20e \u00e9dition cette ann\u00e9e. Jean-Fran\u00e7ois Renauld, photographe du Education, lart de la rencontre. Albert Jacquard met en \u00e9vidence limportance de la communaut\u00e9 humaine dans l\u00e9volution de chacun. Selon lui, l\u00e9ducation nest ArtisteRencontre. Com est un site de rencontre d\u00e9di\u00e9 aux musiciens, \u00e9crivains, po\u00e8tes, danseurs, peintre, etc Bref. Tout ce qui touche \u00e0 lart Mar 4, 2021 Au cours de cette rencontre virtuelle, ils ont pu d\u00e9couvrir Arts et M\u00e9tiers, son histoire, ses formations, le campus de Paris et les.<\/p>\n","protected":false},"excerpt":{"rendered":"<p>Lassociation des Jeunes Rencontres des arts de la sc\u00e8ne a pour objectif de favoriser lacc\u00e8s des 13-23 ans \u00e0 la culture. Elle souhaite stimuler leur May 4, 2016 Dans le cadre des Rencontres du social, une rencontre r\u00e9unira es intervenants, qui combinent recherche sociologique et pratique darts La chambre deau a \u00e9t\u00e9 \u00e0 linitiative des [&hellip;]<\/p>\n","protected":false},"author":1,"featured_media":0,"comment_status":"closed","ping_status":"closed","sticky":false,"template":"","format":"standard","meta":{"footnotes":""},"categories":[],"tags":[],"class_list":["post-17068","post","type-post","status-publish","format-standard","hentry"],"_links":{"self":[{"href":"https:\/\/profeel.bzh\/wordpress\/wp-json\/wp\/v2\/posts\/17068","targetHints":{"allow":["GET"]}}],"collection":[{"href":"https:\/\/profeel.bzh\/wordpress\/wp-json\/wp\/v2\/posts"}],"about":[{"href":"https:\/\/profeel.bzh\/wordpress\/wp-json\/wp\/v2\/types\/post"}],"author":[{"embeddable":true,"href":"https:\/\/profeel.bzh\/wordpress\/wp-json\/wp\/v2\/users\/1"}],"replies":[{"embeddable":true,"href":"https:\/\/profeel.bzh\/wordpress\/wp-json\/wp\/v2\/comments?post=17068"}],"version-history":[{"count":0,"href":"https:\/\/profeel.bzh\/wordpress\/wp-json\/wp\/v2\/posts\/17068\/revisions"}],"wp:attachment":[{"href":"https:\/\/profeel.bzh\/wordpress\/wp-json\/wp\/v2\/media?parent=17068"}],"wp:term":[{"taxonomy":"category","embeddable":true,"href":"https:\/\/profeel.bzh\/wordpress\/wp-json\/wp\/v2\/categories?post=17068"},{"taxonomy":"post_tag","embeddable":true,"href":"https:\/\/profeel.bzh\/wordpress\/wp-json\/wp\/v2\/tags?post=17068"}],"curies":[{"name":"wp","href":"https:\/\/api.w.org\/{rel}","templated":true}]}}