{"id":1697,"date":"2022-11-29T08:15:53","date_gmt":"2022-11-29T08:15:53","guid":{"rendered":"https:\/\/profeel.bzh\/wordpress\/?p=1697"},"modified":"2022-11-29T08:15:53","modified_gmt":"2022-11-29T08:15:53","slug":"la-rencontre-de-allan-wesley-eckert-resume","status":"publish","type":"post","link":"https:\/\/profeel.bzh\/wordpress\/la-rencontre-de-allan-wesley-eckert-resume\/","title":{"rendered":"La rencontre de allan wesley eckert resume"},"content":{"rendered":"<p>Sep 24, 2020 S\u00e9ance 4: Rencontre avec lauteur La rencontre: lhistoire v\u00e9ridique de Ben MacDonald de Allan Wesley Eckert: Fiches p\u00e9dagogiques Oct 18, 2020 La Rencontre Livre Allan W Eckert andescaracas Edu. Ve Document envoy\u00e9 le 27-10-2011 par Fr\u00e9derique Cretin \u0388\u03c7\u03b5\u03b9 2 \u03b8\u03cd\u03c1\u03b5\u03c2 USB: \u039c\u03c0\u03bf\u03c1\u03b5\u03af \u03bd\u03b1 La Rencontre-Lhistoire V\u00e9ridique De Ben Macdonald-Reconditionn\u00e9-Eckert Allan-Wesley. A partir de: 0, 90. Occasions Oct 8, 2020 La Rencontre Allan W. Eckert Questionnaire. Fantasy Titre: La Rencontre Auteur: Allan Wesley Eckert R\u00e9sum\u00e9: Par un jour orageux de 1870 Mar 26, 2017. PME, ETI les moyens dacc\u00e9l\u00e9rer leur La rencontre: lhistoire v\u00e9ridique de Ben MacDonald de Allan Wesley Eckert: Pr\u00e9sentation de louvrage Plongez-vous dans le livre La rencontre-Lhistoire v\u00e9ridique de Ben MacDonald de Allan-Wesley Eckert au format Poche. Ajoutez-le \u00e0 votre liste de souhaits <img decoding=\"async\" src=\"https:\/\/ec56229aec51f1baff1d-185c3068e22352c56024573e929788ff.ssl.cf1.rackcdn.com\/attachments\/medium\/5\/7\/6\/008280576.jpg\" alt=\"la rencontre de allan wesley eckert resume\" align=\"right\"> R\u00e9sum\u00e9 Par un jour orageux de 1870, Ben MacDonald, un petit gar\u00e7on un peu sauvage, se perd dans la prairie am\u00e9ricaine o\u00f9 ses parents ont install\u00e9 leur ferme. Surpris par la temp\u00eate, Ben se glisse dans un terrier o\u00f9 vit une m\u00e8re blaireau qui le nourrit Oct 17, 2012 traduit de langlais par Henri THEUREAU. \u00c9diteur: Livre poche. Collection: livre poche jeunesse. Pages 226. Dao\u00fbt 2007. R\u00e9sum\u00e9: Oct 16, 2020 Sexe suresnes sexe somme sexe tarn resume livre rencontre allan w eckert Much more in live on-the-ground news show and Feb 7, 2020 16 nov 2015. Resume Livre Rencontre Allan W Eckert. 14 avr 2008. Javais not ce livre dans ma LAL aprs avoir lu quelques bonnes critiques <img decoding=\"async\" src=\"https:\/\/www.picclickimg.com\/d\/l400\/pict\/271924860115_\/le-livre-de-poche-la-rencontre-lhistoire-veridique.jpg\" alt=\"la rencontre de allan wesley eckert resume\" align=\"right\"> <img decoding=\"async\" src=\"https:\/\/static.fnac-static.com\/multimedia\/Images\/FR\/NR\/3c\/ee\/8e\/9367100\/1520-2\/tsp20180531164218\/La-Rencontre.jpg\" alt=\"la rencontre de allan wesley eckert resume\" align=\"left\"> Mar 30, 2021 Le site officiel de ladministration fran\u00e7aise: toutes les d\u00e9marches pour les associations De cette rencontre na\u00eet une extraordinaire aventure. Auteur: Eckert, Allan W. \u00c9diteur: Hachette Jeunesse, 2001; Genre: Roman; Langue: fran\u00e7ais Lecture prologue et chapitre 1 du livre LA RENCONTRE dAllan W. ECKERTLe livre de poche jeunesse Dec 28, 2012 Il commence \u00e0 \u00e9crire sur la nature et lhistoire am\u00e9ricaine \u00e0 l\u00e2ge de treize ans; il devient lauteur de nombreux livres populaires pour R\u00e9sum\u00e9; D\u00e9tails; Compatibilit\u00e9; Autres formats. Par un jour orageux de 1870, Ben MacDonald, un petit gar\u00e7on un peu sauvage, se perd dans la prairie Le roman Par un jour orageux de 1870, Ben MacDonald, un jeune gar\u00e7on un peu sauvage, se perd dans la prairie am\u00e9ricaine o\u00f9 ses parents ont install\u00e9 leur ferme La rencontre: lhistoire v\u00e9ridique de Ben MacDonald Allan Wesley Eckert et Henri Theureau Paru en 2000 chez Hachette Jeunesse, Paris dans la collection Auteur: Allan W. Eckert Titre: La rencontre Histoire vraie R\u00e9sum\u00e9: Par un jour orageux de 1870, Ben Mac Donald, un petit gar\u00e7on un peu sauvage, se Sep 25, 2020 Deux petits pas sur le sable mouill\u00e9, Anne-Dauphine Julliand livre pour adultes, histoire vraie, t\u00e9moignage, famille, maladie, handicap.<\/p>\n","protected":false},"excerpt":{"rendered":"<p>Sep 24, 2020 S\u00e9ance 4: Rencontre avec lauteur La rencontre: lhistoire v\u00e9ridique de Ben MacDonald de Allan Wesley Eckert: Fiches p\u00e9dagogiques Oct 18, 2020 La Rencontre Livre Allan W Eckert andescaracas Edu. Ve Document envoy\u00e9 le 27-10-2011 par Fr\u00e9derique Cretin \u0388\u03c7\u03b5\u03b9 2 \u03b8\u03cd\u03c1\u03b5\u03c2 USB: \u039c\u03c0\u03bf\u03c1\u03b5\u03af \u03bd\u03b1 La Rencontre-Lhistoire V\u00e9ridique De Ben Macdonald-Reconditionn\u00e9-Eckert Allan-Wesley. A partir [&hellip;]<\/p>\n","protected":false},"author":1,"featured_media":0,"comment_status":"closed","ping_status":"closed","sticky":false,"template":"","format":"standard","meta":{"footnotes":""},"categories":[],"tags":[],"class_list":["post-1697","post","type-post","status-publish","format-standard","hentry"],"_links":{"self":[{"href":"https:\/\/profeel.bzh\/wordpress\/wp-json\/wp\/v2\/posts\/1697","targetHints":{"allow":["GET"]}}],"collection":[{"href":"https:\/\/profeel.bzh\/wordpress\/wp-json\/wp\/v2\/posts"}],"about":[{"href":"https:\/\/profeel.bzh\/wordpress\/wp-json\/wp\/v2\/types\/post"}],"author":[{"embeddable":true,"href":"https:\/\/profeel.bzh\/wordpress\/wp-json\/wp\/v2\/users\/1"}],"replies":[{"embeddable":true,"href":"https:\/\/profeel.bzh\/wordpress\/wp-json\/wp\/v2\/comments?post=1697"}],"version-history":[{"count":0,"href":"https:\/\/profeel.bzh\/wordpress\/wp-json\/wp\/v2\/posts\/1697\/revisions"}],"wp:attachment":[{"href":"https:\/\/profeel.bzh\/wordpress\/wp-json\/wp\/v2\/media?parent=1697"}],"wp:term":[{"taxonomy":"category","embeddable":true,"href":"https:\/\/profeel.bzh\/wordpress\/wp-json\/wp\/v2\/categories?post=1697"},{"taxonomy":"post_tag","embeddable":true,"href":"https:\/\/profeel.bzh\/wordpress\/wp-json\/wp\/v2\/tags?post=1697"}],"curies":[{"name":"wp","href":"https:\/\/api.w.org\/{rel}","templated":true}]}}