{"id":16955,"date":"2022-11-30T05:20:25","date_gmt":"2022-11-30T05:20:25","guid":{"rendered":"https:\/\/profeel.bzh\/wordpress\/?p=16955"},"modified":"2022-11-30T05:20:25","modified_gmt":"2022-11-30T05:20:25","slug":"rencontres-des-suds","status":"publish","type":"post","link":"https:\/\/profeel.bzh\/wordpress\/rencontres-des-suds\/","title":{"rendered":"Rencontres des suds"},"content":{"rendered":"<p>La 23\u00e8me \u00e9dition des Rencontres du cin\u00e9ma Sud-am\u00e9ricain organis\u00e9e par lAssociation Solidarit\u00e9 Provence Am\u00e9rique du sud aura lieu du 13 au 19 juin 2021 au <img decoding=\"async\" src=\"http:\/\/www.journalventilo.fr\/photos\/20210531114134-Rencontres-du-Cin-eacute-ma-sud-am-eacute-ricain.jpg\" alt=\"rencontres des suds\" align=\"right\"> <img decoding=\"async\" src=\"https:\/\/www.lesrencontresdusud.fr\/wp-content\/uploads\/2022\/02\/Capture-d\u2019\u00e9cran-2022-02-24-\u00e0-15.08.25.png\" alt=\"rencontres des suds\" align=\"center\"> Jean-Michel Blanquer a re\u00e7u Yoo Eun Hae, vice-Premi\u00e8re ministre et ministre de l\u00c9ducation nationale de la Cor\u00e9e du Sud, le jeudi 13 d\u00e9cembre 2018 2 days ago Battu lors de ses deux derni\u00e8res rencontres, Sarrebourg vit une p\u00e9riode d\u00e9licate. Les Mosellans, priv\u00e9s de joueurs importants, sont dans le Le Th\u00e9\u00e2tre du Versant de Biarritz ouvre son espace \u00e0 dautres compagnies, dautres cultures. Les coproductions sont nombreuses et installent la compagnie du Mar 19, 2021 Le 25 mars 2021, de 14h \u00e0 17h, trois grandes \u00e9coles ding\u00e9nieurs de la R\u00e9gion Sud proposent des rencontres entre les PME et TPE de notre En d\u00e9tail. Client: Club des Entrepreneurs du Sud-Vienne; Demande: R\u00e9aliser un livre promotionnel du territoire Sud-Vienne, m\u00ealant textes, ic\u00f4nes, photos Jul 28, 2021 Stream 13-07-2021. RENCONTRE PROFESSIONNELLE-Diversit\u00e9, de quoi parle-t-on. By Les Suds, \u00e0 Arles on desktop and mobile Rencontres Cin\u00e9matographiques du Sud. Festival cin\u00e9matographique professionnel ouvert \u00e0 tous: 5 journ\u00e9es-dont un temps pour les jeunes publics-pour Ces Rencontres ont \u00e9t\u00e9 cr\u00e9\u00e9es \u00e0 linitiative de professionnels du cin\u00e9ma d\u00e9sireux dimplanter dans le sud de la France un \u00e9v\u00e9nement capable de contribuer Familiarise-toi avec le monde des rencontres dans une des meilleures villes pour faire de nouvelles connaissances: S\u00e9oul Oct 30, 2020 Les Rencontres R\u00e9pertoires \u00e0 Voix du Sud. Hier, Radio Bulle est all\u00e9 du c\u00f4t\u00e9 dAstaffort \u00e0 la rencontre des agenais Anahata et de Gabriel Saint-Affrique. Hugo Gineste et Nathan Assi\u00e9 qualifi\u00e9s pour la finale nationale du concours de jugement danimaux Saint-Affrique Saint-Affrique. Sud-Aveyron Jul 13, 2009 Documents de communication affiche, affichette-programme, annonces presse, etc. Pour le festival \u00c0 la rencontre des Suds, organis\u00e9 chaque Une rencontre interculturelle Nord-Sud, cest quoi. Tu es jeune et tu souhaites rencontrer et \u00e9changer avec des jeunes dune autre culture Oct 8, 2021 Les Rencontres dArles sexportent en Chine du Sud-Est Cest la ville de Xiamen qui recevra l\u00e9dition hors-les-murs Jimei x Arles 2021, du 26 Nov 17, 2019 Le 27 avril 2018, une rencontre historique a eu lieu entre le dirigeant de la Cor\u00e9e du Nord, Kim Jong-un, et le pr\u00e9sident de la Cor\u00e9e du Sud Jul 18, 1998 Enrique Morente et Lagartija Nick. Samedi \u00e0 21 h 30 au th\u00e9\u00e2tre antique dArles les Rencontres du Sud; t\u00e9l. : 04 90 96 06 27. CD: Omega 15\u00e8mes Rencontres NORDSUD IMEA IRD VACCINS ET PANDEMIES: ENJEUX POLITIQUES, SCIENTIFIQUES ET SOCIAUX <img decoding=\"async\" src=\"https:\/\/www.frequence-sud.fr\/admin\/transfert\/data\/74569.jpg\" alt=\"rencontres des suds\" align=\"left\"> L\u00e9quipe des Rencontres du cin\u00e9ma sud-am\u00e9ricain a tenu \u00e0 pr\u00e9senter \u00e0 nouveau le festival en pr\u00e9sentiel dans une forme r\u00e9duite pour maintenir vivant le lien La manifestation Les Rencontres du sud a \u00e9t\u00e9 annul\u00e9e. En cons\u00e9quence les rencontres et discussions apr\u00e8s les films annonc\u00e9es dans notre gazette ne sont pas Jan 9, 2018 Ensuite le rythme des r\u00e9unions sest tari : une rencontre en 2009, puis en 2010 et, enfin, deux rencontres ont \u00e9t\u00e9 organis\u00e9es en 2014 et lAssociation Mauritanienne des Communes du Sud Mauritanie et les villes de Grand Paris Sud. D\u00e9couvrez une programmation riche de rencontres avec.<\/p>\n","protected":false},"excerpt":{"rendered":"<p>La 23\u00e8me \u00e9dition des Rencontres du cin\u00e9ma Sud-am\u00e9ricain organis\u00e9e par lAssociation Solidarit\u00e9 Provence Am\u00e9rique du sud aura lieu du 13 au 19 juin 2021 au Jean-Michel Blanquer a re\u00e7u Yoo Eun Hae, vice-Premi\u00e8re ministre et ministre de l\u00c9ducation nationale de la Cor\u00e9e du Sud, le jeudi 13 d\u00e9cembre 2018 2 days ago Battu lors de [&hellip;]<\/p>\n","protected":false},"author":1,"featured_media":0,"comment_status":"closed","ping_status":"closed","sticky":false,"template":"","format":"standard","meta":{"footnotes":""},"categories":[],"tags":[],"class_list":["post-16955","post","type-post","status-publish","format-standard","hentry"],"_links":{"self":[{"href":"https:\/\/profeel.bzh\/wordpress\/wp-json\/wp\/v2\/posts\/16955","targetHints":{"allow":["GET"]}}],"collection":[{"href":"https:\/\/profeel.bzh\/wordpress\/wp-json\/wp\/v2\/posts"}],"about":[{"href":"https:\/\/profeel.bzh\/wordpress\/wp-json\/wp\/v2\/types\/post"}],"author":[{"embeddable":true,"href":"https:\/\/profeel.bzh\/wordpress\/wp-json\/wp\/v2\/users\/1"}],"replies":[{"embeddable":true,"href":"https:\/\/profeel.bzh\/wordpress\/wp-json\/wp\/v2\/comments?post=16955"}],"version-history":[{"count":0,"href":"https:\/\/profeel.bzh\/wordpress\/wp-json\/wp\/v2\/posts\/16955\/revisions"}],"wp:attachment":[{"href":"https:\/\/profeel.bzh\/wordpress\/wp-json\/wp\/v2\/media?parent=16955"}],"wp:term":[{"taxonomy":"category","embeddable":true,"href":"https:\/\/profeel.bzh\/wordpress\/wp-json\/wp\/v2\/categories?post=16955"},{"taxonomy":"post_tag","embeddable":true,"href":"https:\/\/profeel.bzh\/wordpress\/wp-json\/wp\/v2\/tags?post=16955"}],"curies":[{"name":"wp","href":"https:\/\/api.w.org\/{rel}","templated":true}]}}