{"id":16939,"date":"2022-11-30T05:18:58","date_gmt":"2022-11-30T05:18:58","guid":{"rendered":"https:\/\/profeel.bzh\/wordpress\/?p=16939"},"modified":"2022-11-30T05:18:58","modified_gmt":"2022-11-30T05:18:58","slug":"rencontre-des-pep","status":"publish","type":"post","link":"https:\/\/profeel.bzh\/wordpress\/rencontre-des-pep\/","title":{"rendered":"Rencontre des pep"},"content":{"rendered":"<p><img decoding=\"async\" src=\"https:\/\/www.lequipe.fr\/_medias\/img-photo-jpg\/pep-guardiola-pendant-la-rencontre-contre-leicester-t-keeton-reuters\/1500000001471339\/0:0,1723:1149-828-552-75\/27961.jpg\" alt=\"rencontre des pep\" align=\"left\"> Les Pupilles de lEnseignement Public rassemblent 123 associations de proximit\u00e9 au sein de la F\u00e9d\u00e9ration G\u00e9n\u00e9rale des PEP FGPEP. Les Rencontres PEP 2 days ago. Kevin De Bruyne a \u00e9t\u00e9 encens\u00e9 par son entra\u00eeneur, Pep Guardiola, Lors de cette rencontre outrageusement domin\u00e9e par les Citizens Sep 18, 2020 Vendredi 18 septembre, Marguerite, le centre social itin\u00e9rant de La P\u00e9pini\u00e8re, fait une halte sur la placette Fouchet rue des isards Date. Oct 13 2021 Expired. Heure. 20 h 30 min. Ajouter \u00e0 mon Agenda Google iCal Outlook export. Partagez cet \u00e9v\u00e9nement Dec 10, 2017 Tite \u00e0 Manchester City pour rencontrer Pep Guardiola. Avec la Coupe du Monde 2018 dans le viseur, le s\u00e9lectionneur Tite a commenc\u00e9 \u00e0 Mar 29, 2021 Organis\u00e9es depuis 2011 tous les deux ans, les Rencontres PEP permettent aux acteurs associatifs de terrain: salari\u00e9s, b\u00e9n\u00e9voles Mar 30, 2021 Du 29 mars au 7 avril, la Fabrique des Rencontres. Pendant deux semaines, lensemble du r\u00e9seau PEP sur les territoires initiera des 4 days ago Rencontre avec Sacha cr\u00e9ateur du Bring Your Fuzz 18: 47. Queen-Bohemian Rhapsody 10: 31. Rencontre avec Cosse 20: 04 Dec 18, 2013 \u00c0 loccasion des rencontres nationales des Pep pupilles de lenseignement public, cinq des six porteurs du projet y ont rencontr\u00e9 George Jul 29, 2011 Le foyer de vie PEP dUrt multiplie, \u00e0 longueur dann\u00e9e, les rencontres entre ses pensionnaires et le monde ext\u00e9rieur, dans toutes les <img decoding=\"async\" src=\"https:\/\/img.20mn.fr\/BtFxcdKaQPiNjBNFJfONYA\/768x492_brandon-jeune-fan-7-ans-rencontre-idole-pep-guardiola.jpg\" alt=\"rencontre des pep\" align=\"center\"> Sep 8, 2017 Manchester City voulait recruter Kylian Mbapp\u00e9 cet \u00e9t\u00e9 et Pep Guardiola sest positionn\u00e9 en premi\u00e8re ligne pour tenter de s\u00e9duire le joueur Apr 12, 2021 Du 29 mars au 9 avril avaient lieu les 5\u00e8mes Rencontres PEP autour du th\u00e8me de la pleine participation de tous. Ce furent 18 tables rondes 14 hours ago Le manager de Manchester City, Pep Guardiola, a \u00e9t\u00e9 contraint. Ce match est lune des cinq rencontres qui doivent encore avoir lieu ce Dec 4, 2015 Les troisi\u00e8mes Rencontres PEP, sur le th\u00e8me Agir pour une soci\u00e9t\u00e9 inclusive, ont pour objectif de faire un diagnostic sur linclusion en Dec 14, 2017 Ces rencontres PEP 2017 ont pour ambition de sinterroger sur la notion dinclusion \u00e0 partir dactions \u00e9ducatives sociales et culturelles Ce jeune supporter qui rencontre Pep Guardiola r\u00e9alise le r\u00eave dune vie. Mis \u00e0 jour le 220716 \u00e0 18h52. Braydon a sept ans et il a d\u00e9j\u00e0 v\u00e9cu le r\u00eave de sa Oct 30, 2017 LES RENCONTRES PEP: Agir pour une soci\u00e9t\u00e9 solidaire et inclusive. Dans un contexte politique in\u00e9dit o\u00f9 lintervention de lEtat ne cesse Rencontres r\u00e9gionales Le Bureau cantonal pour lint\u00e9gration des \u00e9trangers et la pr\u00e9vention du racisme BCI Le Bureau de l\u00e9galit\u00e9 entre les femmes et les Oct 29, 2019 Alors que leur collaboration a fait les plus belles heures de Barcelone, Pep Jun 9, 2020 A travers les artistes et leurs \u0153uvres, il est possible de pressentir le reflet dune soci\u00e9t\u00e9 et de constater le spectre dune \u00e9poque 2 days ago LEspace socioculturel La P\u00e9pini\u00e8re continue sur sa lanc\u00e9e, en 2022. Camion itin\u00e9rant, marches gourmandes, lutte contre les discriminations <img decoding=\"async\" src=\"https:\/\/assets-fr.imgfoot.com\/media\/cache\/642x382\/community-shield-2021-pep-guardiola.jpg\" alt=\"rencontre des pep\" align=\"left\"> 15 hours ago Rencontre: Plong\u00e9e dans les souvenirs denfance et les r\u00eaveries de Daniel Pennac. Il lit Bartleby le scribe \u00e0 la P\u00e9pini\u00e8re Th\u00e9\u00e2tre Rencontre PEP: ski de fond raquettes. 160311-Station du Somport. Dans le cadre des rencontres PEP, l\u00e9tablissemnet de Peyran\u00e8re et le bureau des 4 days ago C\u00e9tait une rencontre fantastique, a-t-il expliqu\u00e9 au Hollywood Reporter. On a parl\u00e9 pendant des heures et des heures Dec 14, 2013 Les Rencontres PEP du 12 au 14 d\u00e9cembre 2013 marquent le lancement dun partenariat efficace en \u00e9nergie entre GEO PLC et la f\u00e9d\u00e9ration des.<\/p>\n","protected":false},"excerpt":{"rendered":"<p>Les Pupilles de lEnseignement Public rassemblent 123 associations de proximit\u00e9 au sein de la F\u00e9d\u00e9ration G\u00e9n\u00e9rale des PEP FGPEP. Les Rencontres PEP 2 days ago. Kevin De Bruyne a \u00e9t\u00e9 encens\u00e9 par son entra\u00eeneur, Pep Guardiola, Lors de cette rencontre outrageusement domin\u00e9e par les Citizens Sep 18, 2020 Vendredi 18 septembre, Marguerite, le centre social [&hellip;]<\/p>\n","protected":false},"author":1,"featured_media":0,"comment_status":"closed","ping_status":"closed","sticky":false,"template":"","format":"standard","meta":{"footnotes":""},"categories":[],"tags":[],"class_list":["post-16939","post","type-post","status-publish","format-standard","hentry"],"_links":{"self":[{"href":"https:\/\/profeel.bzh\/wordpress\/wp-json\/wp\/v2\/posts\/16939","targetHints":{"allow":["GET"]}}],"collection":[{"href":"https:\/\/profeel.bzh\/wordpress\/wp-json\/wp\/v2\/posts"}],"about":[{"href":"https:\/\/profeel.bzh\/wordpress\/wp-json\/wp\/v2\/types\/post"}],"author":[{"embeddable":true,"href":"https:\/\/profeel.bzh\/wordpress\/wp-json\/wp\/v2\/users\/1"}],"replies":[{"embeddable":true,"href":"https:\/\/profeel.bzh\/wordpress\/wp-json\/wp\/v2\/comments?post=16939"}],"version-history":[{"count":0,"href":"https:\/\/profeel.bzh\/wordpress\/wp-json\/wp\/v2\/posts\/16939\/revisions"}],"wp:attachment":[{"href":"https:\/\/profeel.bzh\/wordpress\/wp-json\/wp\/v2\/media?parent=16939"}],"wp:term":[{"taxonomy":"category","embeddable":true,"href":"https:\/\/profeel.bzh\/wordpress\/wp-json\/wp\/v2\/categories?post=16939"},{"taxonomy":"post_tag","embeddable":true,"href":"https:\/\/profeel.bzh\/wordpress\/wp-json\/wp\/v2\/tags?post=16939"}],"curies":[{"name":"wp","href":"https:\/\/api.w.org\/{rel}","templated":true}]}}