{"id":16895,"date":"2022-11-30T05:14:47","date_gmt":"2022-11-30T05:14:47","guid":{"rendered":"https:\/\/profeel.bzh\/wordpress\/?p=16895"},"modified":"2022-11-30T05:14:47","modified_gmt":"2022-11-30T05:14:47","slug":"rencontre-brel-brassens-ferre","status":"publish","type":"post","link":"https:\/\/profeel.bzh\/wordpress\/rencontre-brel-brassens-ferre\/","title":{"rendered":"Rencontre brel brassens ferr\u00e9"},"content":{"rendered":"<p><img decoding=\"async\" src=\"https:\/\/tableaudestock.fr\/16-large_default\/tableau-vintage-brel-brassens-ferre-70-x-50-cm.jpg\" alt=\"rencontre brel brassens ferr\u00e9\" align=\"right\"> La rencontre organis\u00e9e entre L\u00e9o Ferr\u00e9, Georges Brassens et Jacques Brel eut lieu \u00e0 Paris le 6 janvier 1969. Elle a \u00e9t\u00e9 immortalis\u00e9e par la fameuse photo de Dec 17, 2015 La rencontre du 6 janvier 1969 \u00e0 Paris entre L\u00e9o Ferr\u00e9, Jacques Brel et Georges Brassens est rest\u00e9e unique \u00e0 jamais Rencontre Nas Brassens Il Brel Ferr\u00e9. Deanne, 20211211 03: 56. Cest M\u00e9lanie. Tentent de lui remonter le moral et lui. L\u00e9nervement peut-\u00eatre Salle des f\u00eates-Lussac-les-Ch\u00e2teaux La rencontre Hommage \u00e0 Brel, Ferr\u00e9, Brassens https: brelferrebrassens Jimdo. Com Jai une id\u00e9e Jul 8, 2016 Apr\u00e8s Anne David ce week-end, place \u00e0 La rencontre Brassens, Ferr\u00e9, Brel, samedi 16 20 h 30 et dimanche 17 juillet 16 heures <img decoding=\"async\" src=\"http:\/\/img.youtube.com\/vi\/W-MisFng9C4\/0.jpg\" alt=\"rencontre brel brassens ferr\u00e9\" align=\"right\"> Quarante plus tard, ce documentaire sattache \u00e0 r\u00e9v\u00e9ler les coulisses de cette rencontre exceptionnelle mais aussi \u00e0 faire le portrait de ces trois artistes \u00e0 Top 12 des stars plut\u00f4t cool en photo avec dautres stars tout aussi cool Topito. L\u00e9o Ferr\u00e9, Jacques Brel, Georges Brassens Photo: Jean-Pierre Leloir Compl\u00e9t\u00e9e dune mise en situation de ces ann\u00e9es de lib\u00e9ration du verbe, et d\u00e9claircissements in\u00e9dits sur la gen\u00e8se de lunique rencontre de Georges Brassens Feb 21, 2018 La rencontre organis\u00e9e entre L\u00e9o Ferr\u00e9, Georges Brassens et Jacques Brel eut lieu \u00e0 Paris le 6 janvier 1969 et a \u00e9t\u00e9 immortalis\u00e9e par une Mar 19, 2020 MERCI A CANELLEPLUS Gregadlib-La rencontre entre L\u00e9o Ferr\u00e9, Jacques Brel et Georges Brassens Le 6 janvier 1969 \u00e0 Paris <img decoding=\"async\" src=\"http:\/\/2.bp.blogspot.com\/_f3f6ie-oFU4\/TRdiHo3bs6I\/AAAAAAAAC0s\/Gm9YFuVTHck\/s1600\/brassens.jpg\" alt=\"rencontre brel brassens ferr\u00e9\" align=\"right\"> Rencontre mythique Il ny en avait jamais eu, il ny en aurait jamais plus: la rencontre du 6 janvier 1969 \u00e0 Paris entre L\u00e9o Ferr\u00e9, Jacques Brel et Georges Brassens est Brel, Brassens, Ferr\u00e9: Le concert rendra hommage aux trois g\u00e9ants de la chanson fran\u00e7aise, samedi 13 f\u00e9vrier \u00e0 Othis. Un avant-go\u00fbt du spectacle par Yves Feb 19, 1996 LUNIQUE RENCONTRE BREL-FERRE-BRASSENS EN INTEGRALE SUR FREQUENCE WALLONIE, TROIS MAITRES REUNIS: CEST EXTRA D\u00e9couvrez Brel, Brassens, Ferr\u00e9 Trois hommes dans un salon, Sur la gen\u00e8se de lunique rencontre de Georges Brassens, Jacques Brel et L\u00e9o Ferr\u00e9 Brel, Brassens, Ferr\u00e9: Cristiani, Fran\u00e7ois-Ren\u00e9, Leloir, Jean-Pierre: Amazon. Fr:. De lunique rencontre de Georges Brassens, Jacques Brel et L\u00e9o Ferr\u00e9 Jan 31, 2009 Sandrine Dumarais reprend le fil de cette formidable rencontre, saisie sur une photo qui a fait le tour du monde et des bistrots. Emaill\u00e9 d 14 hours ago Le 6 janvier 1969, Jacques Brel, Georges Brassens et L\u00e9o Ferr\u00e9 \u00e9taient r\u00e9unis \u00e0 Paris pour une rencontre unique et singuli\u00e8re La rencontre organis\u00e9e entre L\u00e9o Ferr\u00e9, Georges Brassens et Jacques Brel eut lieu \u00e0 Paris le 6 janvier 1969. Elle a \u00e9t\u00e9 immortalis\u00e9e par la fameuse photo de.<\/p>\n","protected":false},"excerpt":{"rendered":"<p>La rencontre organis\u00e9e entre L\u00e9o Ferr\u00e9, Georges Brassens et Jacques Brel eut lieu \u00e0 Paris le 6 janvier 1969. Elle a \u00e9t\u00e9 immortalis\u00e9e par la fameuse photo de Dec 17, 2015 La rencontre du 6 janvier 1969 \u00e0 Paris entre L\u00e9o Ferr\u00e9, Jacques Brel et Georges Brassens est rest\u00e9e unique \u00e0 jamais Rencontre Nas Brassens [&hellip;]<\/p>\n","protected":false},"author":1,"featured_media":0,"comment_status":"closed","ping_status":"closed","sticky":false,"template":"","format":"standard","meta":{"footnotes":""},"categories":[],"tags":[],"class_list":["post-16895","post","type-post","status-publish","format-standard","hentry"],"_links":{"self":[{"href":"https:\/\/profeel.bzh\/wordpress\/wp-json\/wp\/v2\/posts\/16895","targetHints":{"allow":["GET"]}}],"collection":[{"href":"https:\/\/profeel.bzh\/wordpress\/wp-json\/wp\/v2\/posts"}],"about":[{"href":"https:\/\/profeel.bzh\/wordpress\/wp-json\/wp\/v2\/types\/post"}],"author":[{"embeddable":true,"href":"https:\/\/profeel.bzh\/wordpress\/wp-json\/wp\/v2\/users\/1"}],"replies":[{"embeddable":true,"href":"https:\/\/profeel.bzh\/wordpress\/wp-json\/wp\/v2\/comments?post=16895"}],"version-history":[{"count":0,"href":"https:\/\/profeel.bzh\/wordpress\/wp-json\/wp\/v2\/posts\/16895\/revisions"}],"wp:attachment":[{"href":"https:\/\/profeel.bzh\/wordpress\/wp-json\/wp\/v2\/media?parent=16895"}],"wp:term":[{"taxonomy":"category","embeddable":true,"href":"https:\/\/profeel.bzh\/wordpress\/wp-json\/wp\/v2\/categories?post=16895"},{"taxonomy":"post_tag","embeddable":true,"href":"https:\/\/profeel.bzh\/wordpress\/wp-json\/wp\/v2\/tags?post=16895"}],"curies":[{"name":"wp","href":"https:\/\/api.w.org\/{rel}","templated":true}]}}