{"id":16871,"date":"2022-11-30T05:12:56","date_gmt":"2022-11-30T05:12:56","guid":{"rendered":"https:\/\/profeel.bzh\/wordpress\/?p=16871"},"modified":"2022-11-30T05:12:56","modified_gmt":"2022-11-30T05:12:56","slug":"rencontre-emploi-energie","status":"publish","type":"post","link":"https:\/\/profeel.bzh\/wordpress\/rencontre-emploi-energie\/","title":{"rendered":"Rencontre emploi energie"},"content":{"rendered":"<p><img decoding=\"async\" src=\"https:\/\/cdn-s-www.estrepublicain.fr\/images\/85A738EE-1824-4A39-A3E6-E0CEEA20D2FC\/NW_raw\/les-partenaires-de-l-operation-watt-else-se-sont-rencontres-mardi-soir-a-la-mife-pour-tirer-un-bilan-des-actions-conduites-en-octobre-dernier-dans-ce-cadre-1428588940.jpg\" alt=\"rencontre emploi energie\" align=\"left\"> Les ALEC publient r\u00e9guli\u00e8rement des offres demploi, elles recherchent des profils vari\u00e9s dans les domaines de l\u00e9nergie et du climat, de lam\u00e9nagement et des <img decoding=\"async\" src=\"https:\/\/www.lafranceagricole.fr\/ra\/lowres\/Publie\/FA\/p1\/Images\/Web\/2022-03-04\/IMG_5456-kCDG-U20879991850BrF-860x420%40lafranceagricole.fr.JPG\" alt=\"rencontre emploi energie\" align=\"right\"> Feb 23, 2021 ING\u00c9NIEURE EN \u00c9NERGIES RENOUVELABLES HF-Consultez cette offre et postulez. Rencontre r\u00e9guli\u00e8re des interlocuteurs institutionnels et Sep 21, 2021 Decouvrez lannonce dEmploi Charg\u00e9 de Prospection Territoriale Energie. Prise de contact et rencontre avec les parties prenantes Jun 13, 2018 Le forum Notre Energie pour lEmploi se d\u00e9roulera le jeudi 14 Juin 2018 au Ch\u00e2teau de Cadarache de 13h30 \u00e0 17h30 3 days ago AA Duba\u00ef. Le ministre turc des Affaires \u00e9trang\u00e8res, Mevlut Cavusoglu, sest entretenu, mercredi, avec Rachid al Maktoum, Vice-pr\u00e9sident 3 days ago Cette rencontre permet de poursuivre la dynamique initi\u00e9e par la Charte. Daccessibilit\u00e9 sociale, ainsi que de sant\u00e9 ou encore demploi Par f\u00e9d\u00e9ration. Agriculture Agroalimentaire Banques Assurances Cadres-UCC Chimie Energie Communication Conseil Culture Construction Bois Nous serons ravis de vous rencontrer et vous compter parmi nous Jun 9, 2017 Pour aller \u00e0 la rencontre de lemploi, nous navons pas la comp\u00e9tence. Et les dispositifs sont complexes et nombreux, explique Christophe Dans la majorit\u00e9 des cas, les grandes entreprises comme EDF, Total ou Engie demandent \u00e0 un jeune ing\u00e9nieur, en plus de ses comp\u00e9tences techniques de base, d D\u00e9couvrez la vid\u00e9o de Thomas. Un parcours exemplaire, de lalternance \u00e0 son recrutement en tant quing\u00e9nieur syst\u00e8me r\u00e9seau La place des comp\u00e9tences cadres, tous nos conseils et outils pour vos recrutements et recherches doffres demploi cadres Jun 13, 2018 Rendez-vous incontournable de lemploi dans les domaines de l\u00e9nergie et notamment du nucl\u00e9aire, le sixi\u00e8me forum M\u00e9tiers de l\u00e9nergie sest La recherche de l\u00e9nergie pour le bien-\u00eatre de lhomme. To connect with Forum Energie et Emploi des Jeunes au Togo, join Facebook today Rencontres nationales des Energies Renouvelables. Et pour les territoires producteurs, notamment en termes demplois locaux. Anim\u00e9e par Carole RAP <img decoding=\"async\" src=\"https:\/\/www.dk-energie-creative.fr\/images\/news\/visuels\/2-le-territoire-dunkerquois-a-organise-les-2-sup-emes-sup-rencontres-europeennes-du-co-sub-2-sub.jpg\" alt=\"rencontre emploi energie\" align=\"right\"> 4\u00e8me \u00e9dition Forum \u00e9nergie pour lemploi. H\u00f4tel de Ville. Adresse: Place du 14 Juillet 13530 Trets T\u00e9l\u00e9phone: 04 42 37 55 00. Fax: 04 42 61 34 26 Assembl\u00e9e Transports Offres demploi March\u00e9s publics. Achats march\u00e9s publics Charte graphique May 30, 2017 Le 5\u00e8me Forum l\u00e9nergie pour lemploi se d\u00e9roule jeudi. Il permet de trouver un emploi dans le secteur de l\u00e9nergie TBWA Corporate pour GDF Suez-fournisseur d\u00e9nergie, Rencontres de lemploi-octobre 2013 Apr 24, 2015 Les m\u00e9tiers de l\u00e9nergie recrutent. Les entreprises sous-traitantes du nucl\u00e9aire en apporteront une fois de plus la preuve mercredi 29 avril, \u00e0 Consulter et rechercher les offres demploi du r\u00e9seau des Chambre dagriculture par r\u00e9gion, d\u00e9partement et type de. Une Cheffe de projet Energies 14 hours ago Quatre petits Martiniquais, en r\u00e9mission de cancer, viennent de vivre un r\u00eave. Ils sont partis \u00e0 Paris avant de rejoindre la Laponie pour rendre.<\/p>\n","protected":false},"excerpt":{"rendered":"<p>Les ALEC publient r\u00e9guli\u00e8rement des offres demploi, elles recherchent des profils vari\u00e9s dans les domaines de l\u00e9nergie et du climat, de lam\u00e9nagement et des Feb 23, 2021 ING\u00c9NIEURE EN \u00c9NERGIES RENOUVELABLES HF-Consultez cette offre et postulez. Rencontre r\u00e9guli\u00e8re des interlocuteurs institutionnels et Sep 21, 2021 Decouvrez lannonce dEmploi Charg\u00e9 de Prospection Territoriale Energie. Prise de [&hellip;]<\/p>\n","protected":false},"author":1,"featured_media":0,"comment_status":"closed","ping_status":"closed","sticky":false,"template":"","format":"standard","meta":{"footnotes":""},"categories":[],"tags":[],"class_list":["post-16871","post","type-post","status-publish","format-standard","hentry"],"_links":{"self":[{"href":"https:\/\/profeel.bzh\/wordpress\/wp-json\/wp\/v2\/posts\/16871","targetHints":{"allow":["GET"]}}],"collection":[{"href":"https:\/\/profeel.bzh\/wordpress\/wp-json\/wp\/v2\/posts"}],"about":[{"href":"https:\/\/profeel.bzh\/wordpress\/wp-json\/wp\/v2\/types\/post"}],"author":[{"embeddable":true,"href":"https:\/\/profeel.bzh\/wordpress\/wp-json\/wp\/v2\/users\/1"}],"replies":[{"embeddable":true,"href":"https:\/\/profeel.bzh\/wordpress\/wp-json\/wp\/v2\/comments?post=16871"}],"version-history":[{"count":0,"href":"https:\/\/profeel.bzh\/wordpress\/wp-json\/wp\/v2\/posts\/16871\/revisions"}],"wp:attachment":[{"href":"https:\/\/profeel.bzh\/wordpress\/wp-json\/wp\/v2\/media?parent=16871"}],"wp:term":[{"taxonomy":"category","embeddable":true,"href":"https:\/\/profeel.bzh\/wordpress\/wp-json\/wp\/v2\/categories?post=16871"},{"taxonomy":"post_tag","embeddable":true,"href":"https:\/\/profeel.bzh\/wordpress\/wp-json\/wp\/v2\/tags?post=16871"}],"curies":[{"name":"wp","href":"https:\/\/api.w.org\/{rel}","templated":true}]}}