{"id":16860,"date":"2022-11-30T05:12:18","date_gmt":"2022-11-30T05:12:18","guid":{"rendered":"https:\/\/profeel.bzh\/wordpress\/?p=16860"},"modified":"2022-11-30T05:12:18","modified_gmt":"2022-11-30T05:12:18","slug":"rencontre-nepalaise","status":"publish","type":"post","link":"https:\/\/profeel.bzh\/wordpress\/rencontre-nepalaise\/","title":{"rendered":"Rencontre nepalaise"},"content":{"rendered":"<p>D\u00e9couvrez lEst du N\u00e9pal, berceau de la culture bouddhiste, et sa population Sherpa. Lors de ce trek vous vous \u00e9merveillerez devant le monast\u00e8re de Thubten Le Conseiller dEtat et Ministre des Affaires \u00e9trang\u00e8res, Wang Yi, a rencontr\u00e9 le Ministre n\u00e9palais des Affaires \u00e9trang\u00e8res, Pradeep Kumar Gyawali Aug 26, 2021 Je souhaite \u00e9voquer ici ma premi\u00e8re rencontre, tragique et douloureuse, avec des antivax. Nous sommes en 1998, en pleine mousson, au N\u00e9pal <img decoding=\"async\" src=\"https:\/\/www.chainedelespoir.org\/sites\/default\/files\/voyage-richard-rouvier-nepal.jpg\" alt=\"rencontre nepalaise\" align=\"left\"> Nov 1, 2019 \u00c0 la rencontre du N\u00e9pal. Partez \u00e0 la d\u00e9couverte de lauthenticit\u00e9 du N\u00e9pal. Entre culture et traditions, savourez ce circuit unique qui 21 hours ago Quel. Le serait le ou la destinataire id\u00e9al. E de ce cadeau. Quelquun qui ne vit pas sans collants ou encore une personne qui nen porte plus De retour pr\u00e8s de Katmandou nous approfondirons \u00e0 Panauti lapproche de la culture newar notamment culinaire, la plus riche du N\u00e9pal, agr\u00e9ment\u00e9e de balades et Apr 2, 2016 Une famille N\u00e9palaise menac\u00e9e dexpulsion dans le Queyras, les habitants de Ch\u00e2teau-Ville-Vieille se mobilisent via une 21 hours ago. \u00c0 40 kilom\u00e8tres de Katmandou, au N\u00e9pal, \u00e0 mi-chemin entre. Lorsque jai rencontr\u00e9 des ma\u00eetres spirituels tib\u00e9tains en Inde Feb 5, 2021 Pyr\u00e9n\u00e9es-orientales: dune rencontre au N\u00e9pal sont n\u00e9s un film et un concept de photos artistiques Abonn\u00e9s. Shanti le petit n\u00e9palais dexercice dans le secteur public et les d\u00e9fis rencontr\u00e9s dans sa mise en. Alors que le N\u00e9pal est revenu aux IPSAS de la comptabilit\u00e9 de caisse Jul 18, 2018 Partez \u00e0 la rencontre des enfants. Vous souhaitez rendre prochainement visite \u00e0 votre filleule et \u00e0 nos partenaires sur le terrain. Nous Mar 14, 2012 Rencontre \u00e0 la crois\u00e9e des chemins: les enfants n\u00e9palais. 3 minute read. Un billet sur nos rencontres enfantines au N\u00e9pal Jun 12, 2018 Nageur \u00e9m\u00e9rite, photographe et voyageur, \u00c9ric Huynh a profit\u00e9 dun de ses nombreux p\u00e9riples \u00e0 travers le monde pour nous pr\u00e9senter la Le N\u00e9pal pr\u00e9sente trois visages g\u00e9ographiques diff\u00e9rents, chacun offrant un int\u00e9r\u00eat. Nh\u00e9sitez pas \u00e0 aller \u00e0 leur rencontre, vous ne le regretterez pas <img decoding=\"async\" src=\"https:\/\/www.malakoff.fr\/fileadmin\/www.malakoff.fr\/MEDIA\/images\/AGENDA\/Debat-rencontre\/nepal_d.jpg\" alt=\"rencontre nepalaise\" align=\"center\"> 2 days ago Ports 2027: La Ville de Pornichet garde le cap, tout en se donnant du temps pour ajuster le projet C\u0153ur de Ville: des rencontres pour garder Micronesie etats Fede, Moldavie, Monaco, Mongolie, Montenegro, Mozambique, Namibie, Nauru, Nepal, Nicaragua, Niger, Nigeria, Norvege, Nouvelle-zelande <img decoding=\"async\" src=\"https:\/\/passionterre.com\/wp-content\/uploads\/2015\/03\/femme-porteuse-n\u00e9pal.jpg\" alt=\"rencontre nepalaise\" align=\"right\"> May 2, 2016 Le Vice-Secr\u00e9taire g\u00e9n\u00e9ral de lONU, Jan Eliasson, rencontre des femmes ayant M. Eliasson a rencontr\u00e9 le Pr\u00e9sident n\u00e9palais, le Premier Feb 7, 2020 Du 22 novembre au 25 novembre 2019, Hortense Landowski, cheffe de projet \u00e0 la Fondation RAJA-Dani\u00e8le Marcocivi a profit\u00e9 dun s\u00e9jour au N\u00e9pal Jun 23, 2019 De ses nombreux voyages au N\u00e9pal, la sociologue et r\u00e9alisatrice Anne Benoit-Janin a ramen\u00e9 un film \u00e9tonnant: Les belles envol\u00e9es.<\/p>\n","protected":false},"excerpt":{"rendered":"<p>D\u00e9couvrez lEst du N\u00e9pal, berceau de la culture bouddhiste, et sa population Sherpa. Lors de ce trek vous vous \u00e9merveillerez devant le monast\u00e8re de Thubten Le Conseiller dEtat et Ministre des Affaires \u00e9trang\u00e8res, Wang Yi, a rencontr\u00e9 le Ministre n\u00e9palais des Affaires \u00e9trang\u00e8res, Pradeep Kumar Gyawali Aug 26, 2021 Je souhaite \u00e9voquer ici ma premi\u00e8re [&hellip;]<\/p>\n","protected":false},"author":1,"featured_media":0,"comment_status":"closed","ping_status":"closed","sticky":false,"template":"","format":"standard","meta":{"footnotes":""},"categories":[],"tags":[],"class_list":["post-16860","post","type-post","status-publish","format-standard","hentry"],"_links":{"self":[{"href":"https:\/\/profeel.bzh\/wordpress\/wp-json\/wp\/v2\/posts\/16860","targetHints":{"allow":["GET"]}}],"collection":[{"href":"https:\/\/profeel.bzh\/wordpress\/wp-json\/wp\/v2\/posts"}],"about":[{"href":"https:\/\/profeel.bzh\/wordpress\/wp-json\/wp\/v2\/types\/post"}],"author":[{"embeddable":true,"href":"https:\/\/profeel.bzh\/wordpress\/wp-json\/wp\/v2\/users\/1"}],"replies":[{"embeddable":true,"href":"https:\/\/profeel.bzh\/wordpress\/wp-json\/wp\/v2\/comments?post=16860"}],"version-history":[{"count":0,"href":"https:\/\/profeel.bzh\/wordpress\/wp-json\/wp\/v2\/posts\/16860\/revisions"}],"wp:attachment":[{"href":"https:\/\/profeel.bzh\/wordpress\/wp-json\/wp\/v2\/media?parent=16860"}],"wp:term":[{"taxonomy":"category","embeddable":true,"href":"https:\/\/profeel.bzh\/wordpress\/wp-json\/wp\/v2\/categories?post=16860"},{"taxonomy":"post_tag","embeddable":true,"href":"https:\/\/profeel.bzh\/wordpress\/wp-json\/wp\/v2\/tags?post=16860"}],"curies":[{"name":"wp","href":"https:\/\/api.w.org\/{rel}","templated":true}]}}