{"id":16814,"date":"2022-11-30T05:07:58","date_gmt":"2022-11-30T05:07:58","guid":{"rendered":"https:\/\/profeel.bzh\/wordpress\/?p=16814"},"modified":"2022-11-30T05:07:58","modified_gmt":"2022-11-30T05:07:58","slug":"rencontre-la-defense","status":"publish","type":"post","link":"https:\/\/profeel.bzh\/wordpress\/rencontre-la-defense\/","title":{"rendered":"Rencontre la defense"},"content":{"rendered":"<p>Nov 22, 2016 Membre de la Commission de la D\u00e9fense et des Forces arm\u00e9es \u00e0 lAssembl\u00e9e nationale, je suis actuellement en d\u00e9placement au Mali <img decoding=\"async\" src=\"https:\/\/media.parisladefense.com\/iVY9scIwEwOhVva8iB7WDFWMzms=\/legacy\/news\/2019\/happn-et-paris-la-defense-vous-offrent-le-rendez-vous-parfait\/la-defense_photo_profil_melia.jpg\" alt=\"rencontre la defense\" align=\"right\"> <img decoding=\"async\" src=\"https:\/\/www.leparisien.fr\/resizer\/EEGoHZDrduECctyKEWVDw9YmPWY=\/932x582\/arc-anglerfish-eu-central-1-prod-leparisien.s3.amazonaws.com\/public\/MSLI3P4Q2NDXFF4AWVREQBC4LY.jpg\" alt=\"rencontre la defense\" align=\"right\"> Jan 14, 2020 H\u00f4tellerie, lifestyle, coworking: Franck Boucher, directeur de lattractivit\u00e9 de Paris La D\u00e9fense, pr\u00e9sente le devenir du quartier Dec 1, 2021 Classe d\u00e9fense: des militaires \u00e0 la rencontre des coll\u00e9giens Au cours dun \u00e9change tr\u00e8s dynamique, les \u00e9l\u00e8ves ont pu poser toutes leurs Feb 20, 2019 Le 6 f\u00e9vrier 2019, la section des Cadets de la D\u00e9fense de Carcassonne avec leur responsable lAdjudant chef de r\u00e9serve SANCHEZ Oct 1, 2021 Cette d\u00e9marche daller \u00e0 la rencontre des entreprises est int\u00e9gr\u00e9e dans le pacte de d\u00e9fense des PME selon le Ministre avec une action 14 hours ago. Fr\u00e9gate de D\u00e9fense et dIntervention, ou FDI, de la Marine Nationale, Pourquoi le standard F4 du Rafale rencontre-t-il un tel succ\u00e8s <img decoding=\"async\" src=\"https:\/\/www.defense.gouv.fr\/var\/dicod\/storage\/images\/base-de-medias\/images\/sga-images\/dar\/20211208_sgadar_dr-ndie_rencontre-pme-cis-img_0274_credit-nae\/10473568-1-fre-FR\/20211208_sgadar_dr-ndie_rencontre-pme-cis-img_0274_credit-nae.jpg\" alt=\"rencontre la defense\" align=\"right\"> Le 10 mai 2016 de 9h00 \u00e0 12h30 \u00e9taient organis\u00e9es les rencontres D\u00e9fense 2020 sorte de grand raout plac\u00e9 sous la pr\u00e9sidence du ministre de la d\u00e9fense 9 hours ago. Quil devait effectuer au Mali pour rencontrer le pr\u00e9sident de la. Faite \u00e0 lissue dun conseil de d\u00e9fense sanitaire qui sest r\u00e9uni 6 hours ago Les \u00e9chauffour\u00e9es entre supporters Parisiens et Lyonnais devraient laisser des traces. Zapping Foot National Top10 Buteurs de Ligue1 9eme 10 hours ago Dans une rencontre tr\u00e8s compliqu\u00e9e face \u00e0 une d\u00e9fense scandinave tr\u00e8s. Dune d\u00e9fense \u00e9tag\u00e9e avec Estelle Nze Minko en position avanc\u00e9e 11 hours ago Un conseil de d\u00e9fense sanitaire sest r\u00e9uni vendredi apr\u00e8s-midi autour. Au t\u00e9l\u00e9phone sans lavoir jamais rencontr\u00e9 officiellement Feb 18, 2020 Le minist\u00e8re des Arm\u00e9es convie, le 31 mars \u00e0 Marseille, les entreprises innovantes \u00e0 une rencontre d\u00e9di\u00e9e aux achats, avec la participation Sep 16, 2021 \u00c0 loccasion des rencontres de la d\u00e9fense de lEure organis\u00e9e \u00e0 Bernay mardi 14 septembre 2021, le lieutenant-colonel \u00c9tienne du Fayet est Photographe pour photo de profil \u00e0 La Defense. Sp\u00e9cialis\u00e9 en shooting photo site de rencontre, je vous donne rendez vous dans le quartier de La D\u00e9fense pour Mar 2, 2021 5e rencontres Universit\u00e9 D\u00e9fense Entreprises RUDE. Les RUDE sont depuis 2017 un \u00e9v\u00e9nement annuel \u00e0 lUniversit\u00e9 Claude Bernard Lyon 1 Salutations, voyageurvoyageuse, et bienvenue \u00e0 la D\u00e9fense dor. \u00c0 moins bien s\u00fbr que vous soyez l\u00e0 pour nous tuer auquel cas je vous prierai de partir.<\/p>\n","protected":false},"excerpt":{"rendered":"<p>Nov 22, 2016 Membre de la Commission de la D\u00e9fense et des Forces arm\u00e9es \u00e0 lAssembl\u00e9e nationale, je suis actuellement en d\u00e9placement au Mali Jan 14, 2020 H\u00f4tellerie, lifestyle, coworking: Franck Boucher, directeur de lattractivit\u00e9 de Paris La D\u00e9fense, pr\u00e9sente le devenir du quartier Dec 1, 2021 Classe d\u00e9fense: des militaires \u00e0 la rencontre des [&hellip;]<\/p>\n","protected":false},"author":1,"featured_media":0,"comment_status":"closed","ping_status":"closed","sticky":false,"template":"","format":"standard","meta":{"footnotes":""},"categories":[],"tags":[],"class_list":["post-16814","post","type-post","status-publish","format-standard","hentry"],"_links":{"self":[{"href":"https:\/\/profeel.bzh\/wordpress\/wp-json\/wp\/v2\/posts\/16814","targetHints":{"allow":["GET"]}}],"collection":[{"href":"https:\/\/profeel.bzh\/wordpress\/wp-json\/wp\/v2\/posts"}],"about":[{"href":"https:\/\/profeel.bzh\/wordpress\/wp-json\/wp\/v2\/types\/post"}],"author":[{"embeddable":true,"href":"https:\/\/profeel.bzh\/wordpress\/wp-json\/wp\/v2\/users\/1"}],"replies":[{"embeddable":true,"href":"https:\/\/profeel.bzh\/wordpress\/wp-json\/wp\/v2\/comments?post=16814"}],"version-history":[{"count":0,"href":"https:\/\/profeel.bzh\/wordpress\/wp-json\/wp\/v2\/posts\/16814\/revisions"}],"wp:attachment":[{"href":"https:\/\/profeel.bzh\/wordpress\/wp-json\/wp\/v2\/media?parent=16814"}],"wp:term":[{"taxonomy":"category","embeddable":true,"href":"https:\/\/profeel.bzh\/wordpress\/wp-json\/wp\/v2\/categories?post=16814"},{"taxonomy":"post_tag","embeddable":true,"href":"https:\/\/profeel.bzh\/wordpress\/wp-json\/wp\/v2\/tags?post=16814"}],"curies":[{"name":"wp","href":"https:\/\/api.w.org\/{rel}","templated":true}]}}