{"id":16764,"date":"2022-11-30T05:03:21","date_gmt":"2022-11-30T05:03:21","guid":{"rendered":"https:\/\/profeel.bzh\/wordpress\/?p=16764"},"modified":"2022-11-30T05:03:21","modified_gmt":"2022-11-30T05:03:21","slug":"rencontres-anciens-eleves","status":"publish","type":"post","link":"https:\/\/profeel.bzh\/wordpress\/rencontres-anciens-eleves\/","title":{"rendered":"Rencontres anciens \u00e9l\u00e8ves"},"content":{"rendered":"<p><img decoding=\"async\" src=\"https:\/\/mvistatic.com\/photosmvi\/2019\/01\/08\/P19035996D3610133G.jpg\" alt=\"rencontres anciens \u00e9l\u00e8ves\" align=\"center\"> Jan 14, 2020 Deux anciens \u00e9l\u00e8ves 2019 de Bac Pro MEI option marine ayant int\u00e9gr\u00e9 la marine Nationale \u00e0 l\u00e9cole de Maistrance sont venus rencontrer les Sep 26, 2015 Rencontre des anciens \u00e9l\u00e8ves. Et Pascal Coucardon que de r\u00e9unir \u00e0 Coudes les anciens \u00e9l\u00e8ves de l\u00e9cole communale de lann\u00e9e 1964-1965 Nov 20, 2021 \u00c9tablissements de Paris, Rencontres \u00e9l\u00e8ves de Terminale anciens \u00e9l\u00e8ves de Monet-Vendredi 26 novembre \u00e0 18h Les anciens \u00e9l\u00e8ves sont Le samedi 29 novembre 2014, nous avons eu limmense plaisir de retrouver nos anciens \u00e9l\u00e8ves dans nos locaux. Ils sont venus de tous horizons: Allemagne Jan 9, 2019 Retrouvez un large extrait sans commentaire de la journ\u00e9e de rencontre avec danciens \u00e9l\u00e8ves au lyc\u00e9e Renaudeau Jan 7, 2020 ORIENTATION-Rencontre avec danciens \u00e9l\u00e8ves de TT. Par AURORE TACCONI KULL, A lattention des \u00e9l\u00e8ves de TT et de leurs familles <img decoding=\"async\" src=\"https:\/\/www.mfrpuysec.fr\/wp-content\/uploads\/2022\/01\/les-eleves-ecoutent-avec-attention-1080x675.jpg\" alt=\"rencontres anciens \u00e9l\u00e8ves\" align=\"left\"> En chiffres; 22000 \u00c9tudiants; 2800 \u00c9tudiants internationaux; 21 Unit\u00e9s de recherche, dont 5 \u00e9quipes associ\u00e9es au CNRS Mar 20, 2017 L\u00c9cole de la 2e Chance E2C en Seine-et-Marne f\u00eate ses 10 ans. A cette occasion, nous avons rencontr\u00e9 un ancien \u00e9l\u00e8ve, Michael Papaloukas LUNEAP organise du 19 au 21 novembre \u00e0 Paris les septi\u00e8mes rencontres \u00e9tudiantes de. Sous la conduite d\u00e9tudiants de lENSAPLV, les \u00e9l\u00e8ves d\u00e9couvriront Aug 6, 2020 Des rencontres organis\u00e9es. Tout au long de lann\u00e9e, des rencontres sont organis\u00e9es pendant les temps de formation et dorientation, afin que Mar 11, 2014 Jacques Biot part \u00e0 la rencontre des Anciens \u00e9l\u00e8ves. En association avec lEcole Polytechnique Charitable Trust, Jacques Biot, X1971 5 days ago Lassociation des \u00e9l\u00e8ves et anciens \u00e9l\u00e8ves publie un appel \u00e0 contributions et pr\u00e9sente dans trois num\u00e9ros successifs du Bulletin Animation du r\u00e9seau: organisation d\u00e9v\u00e9nements conviviaux pour faciliter les rencontres entre Alumni et \u00e9tudiants ap\u00e9ritifs citadins, EntrActes, Agora. Le Hello \u00e0 toutes et \u00e0 tous. Toute l\u00e9quipe de PoliGones est fi\u00e8re de vous annoncer larriv\u00e9e de sa conf\u00e9rence au sujet des anciens \u00e9l\u00e8ves de Lyon 3 Que sont-ils devenus. Apr\u00e8s quel parcours 8 days ago. Les lyc\u00e9ens de terminale g\u00e9n\u00e9rale et technologique du lyc\u00e9e Baumont ont particip\u00e9 \u00e0 une rencontre organis\u00e9e avec les anciens \u00e9l\u00e8ves de <img decoding=\"async\" src=\"https:\/\/lyc-hugo-lunel.ac-montpellier.fr\/sites\/lyc-hugo-lunel\/files\/affiche_aaevh_lundi15avril_0.jpg\" alt=\"rencontres anciens \u00e9l\u00e8ves\" align=\"center\"> Apr 20, 2016 Mardi 26 avril \u00e0 17h en salle Polyvalente, venez rencontrer dans anciens \u00e9l\u00e8ves du coll\u00e8ge actuellement en seconde ainsi que des professeurs.<\/p>\n","protected":false},"excerpt":{"rendered":"<p>Jan 14, 2020 Deux anciens \u00e9l\u00e8ves 2019 de Bac Pro MEI option marine ayant int\u00e9gr\u00e9 la marine Nationale \u00e0 l\u00e9cole de Maistrance sont venus rencontrer les Sep 26, 2015 Rencontre des anciens \u00e9l\u00e8ves. Et Pascal Coucardon que de r\u00e9unir \u00e0 Coudes les anciens \u00e9l\u00e8ves de l\u00e9cole communale de lann\u00e9e 1964-1965 Nov 20, 2021 \u00c9tablissements de [&hellip;]<\/p>\n","protected":false},"author":1,"featured_media":0,"comment_status":"closed","ping_status":"closed","sticky":false,"template":"","format":"standard","meta":{"footnotes":""},"categories":[],"tags":[],"class_list":["post-16764","post","type-post","status-publish","format-standard","hentry"],"_links":{"self":[{"href":"https:\/\/profeel.bzh\/wordpress\/wp-json\/wp\/v2\/posts\/16764","targetHints":{"allow":["GET"]}}],"collection":[{"href":"https:\/\/profeel.bzh\/wordpress\/wp-json\/wp\/v2\/posts"}],"about":[{"href":"https:\/\/profeel.bzh\/wordpress\/wp-json\/wp\/v2\/types\/post"}],"author":[{"embeddable":true,"href":"https:\/\/profeel.bzh\/wordpress\/wp-json\/wp\/v2\/users\/1"}],"replies":[{"embeddable":true,"href":"https:\/\/profeel.bzh\/wordpress\/wp-json\/wp\/v2\/comments?post=16764"}],"version-history":[{"count":0,"href":"https:\/\/profeel.bzh\/wordpress\/wp-json\/wp\/v2\/posts\/16764\/revisions"}],"wp:attachment":[{"href":"https:\/\/profeel.bzh\/wordpress\/wp-json\/wp\/v2\/media?parent=16764"}],"wp:term":[{"taxonomy":"category","embeddable":true,"href":"https:\/\/profeel.bzh\/wordpress\/wp-json\/wp\/v2\/categories?post=16764"},{"taxonomy":"post_tag","embeddable":true,"href":"https:\/\/profeel.bzh\/wordpress\/wp-json\/wp\/v2\/tags?post=16764"}],"curies":[{"name":"wp","href":"https:\/\/api.w.org\/{rel}","templated":true}]}}