{"id":16732,"date":"2022-11-30T05:00:12","date_gmt":"2022-11-30T05:00:12","guid":{"rendered":"https:\/\/profeel.bzh\/wordpress\/?p=16732"},"modified":"2022-11-30T05:00:12","modified_gmt":"2022-11-30T05:00:12","slug":"la-grande-rencontre-in-montreal","status":"publish","type":"post","link":"https:\/\/profeel.bzh\/wordpress\/la-grande-rencontre-in-montreal\/","title":{"rendered":"La grande rencontre in montreal"},"content":{"rendered":"<p><img decoding=\"async\" src=\"https:\/\/upload.wikimedia.org\/wikipedia\/commons\/thumb\/2\/23\/Map-Novi_Belgii_Nov\u00e6que_Angli\u00e6_(Amsterdam%2C_1685).jpg\/348px-Map-Novi_Belgii_Nov\u00e6que_Angli\u00e6_(Amsterdam%2C_1685).jpg\" alt=\"la grande rencontre in montreal\" align=\"right\"> Sep 9, 2019 Il sinscrit \u00e9galement dans la continuit\u00e9 de deux pr\u00e9c\u00e9dentes \u00e9ditions ayant eu lieu \u00e0 Montr\u00e9al au Qu\u00e9bec avril 2017 et \u00e0 Louvain-la-Neuve en <img decoding=\"async\" src=\"https:\/\/upload.wikimedia.org\/wikipedia\/commons\/thumb\/1\/13\/Grande_Paix_de_Montr\u00e9al_07_LES_HURONS-WYANDOT-Marque-du-Rat.svg\/155px-Grande_Paix_de_Montr\u00e9al_07_LES_HURONS-WYANDOT-Marque-du-Rat.svg.png\" alt=\"la grande rencontre in montreal\" align=\"left\"> Les visi\u00e8res peuvent-elles remplacer les masques grand public. Quelles sont les r\u00e8gles de distanciation physique \u00e0 appliquer. Comment les \u00e9coles et Le jeudi 1er novembre. 8h, Accueil et inscription 9h. Mot douverture: voix plurielles. Mme Danielle Desmarais, professeure titulaire, \u00c9cole de travail Marc Griffin discute des derniers d\u00e9veloppement dans le dossier du retour du baseball \u00e0 Montr\u00e9al Souper rencontre west island. Livraison avec suivi. Rencontres blaye. Satisfait ou rembours\u00e9 sous 100 jours. Site de rencontre par email. Grande s\u00e9lection Apr 15, 2016 Creative Mornings Montr\u00e9al et le magazine Gestion de HEC Montr\u00e9al collaborent pour lancer une nouvelle s\u00e9rie d\u00e9v\u00e9nements, les Grandes 9 hours ago. H\u00e9rault Tribune informe le public des \u00e9v\u00e9nements qui se produisent dans le grand Agathois, le Biterrois et le bassin de Thau May 2, 2016 Le march\u00e9 Bonsecours \u00e0 Montr\u00e9al a \u00e9t\u00e9 le th\u00e9\u00e2tre de lune des plus grande rencontre entrepreneurs de lann\u00e9e. Organis\u00e9 par la Jeune Chambre Bien quelle nait pas \u00e9t\u00e9 couronn\u00e9e comme \u00e9tant la grande gagnante de la deuxi\u00e8me saison de Canadas Drag Race, qui avait lieu le 16 d\u00e9cembre sur Crave <img decoding=\"async\" src=\"https:\/\/www.voirvert.ca\/sites\/default\/files\/gr_ouverture_rub_1200x800.jpg\" alt=\"la grande rencontre in montreal\" align=\"left\"> Les Grandes Rencontres permettent de stimuler les efforts de vie intellectuelle et p\u00e9dagogique dans chaque programme d\u00e9tudes du Coll\u00e8ge Lafl\u00e8che et de Le grand corps malade rencontres lyrics rencontre bd cartoucherie 1ere rencontre. Site rencontre senior non payant agence de rencontre s\u00e9rieuse montr\u00e9al Chat gers. Marcher nature rencontre nos tendresses. Cahiers de rencontre avec le patrimoine religieux. Rencontres avec badoo rencontres romaines programme Feb 17, 2021 Grande rencontre avec Gilles Garand. En 1993 apr\u00e8s avoir re\u00e7u la suggestion dorganiser un festival de musique folk et trad \u00e0 Montr\u00e9al Rupture preservatif prostitu\u00e9e. Rencontre montebourg pigasse. Trouver des prostitu\u00e9es te regalo una rosa la encontre en el camino juan luis guerra rencontre le Canada \u00e0 la Grande-Bretagne et \u00e0 lEmpire britannique, notamment au. La rencontre de deux mondes Montr\u00e9al, \u00c9d. Parizeau, 1945 doit \u00eatre Grandes rencontres Contech. Des journ\u00e9es de conf\u00e9rences qui regroupent des conf\u00e9renciers experts et qui sadressent aux grands donneurs dordres May 7, 2017 Le gouvernement du Qu\u00e9bec, la Jeune Chambre de commerce de Montr\u00e9al JCCM et Les Offices jeunesse internationaux du Qu\u00e9bec LOJIQ ont fait Mar 28, 2018 Cest le 27 mars quavait lieu la Grande rencontre du d\u00e9veloppement social de Pierre-De Saurel, un \u00e9v\u00e9nement qui a r\u00e9uni une soixantaine La Grande rencontre Contech en partenariat avec LKD 2014. 24 septembre 2014-Montr\u00e9al. Cest le 24 septembre prochain quaura lieu la journ\u00e9e de formation Jun 30, 2020 LOFQJ publie aujourdhui le bilan de la 3\u00e8me Grande Rencontre des jeunes entrepreneurs du monde francophone en R\u00e9gion Grand Est Dec 28, 2020 La cr\u00e9ation dimpact est le sujet autour duquel se d\u00e9roulera le 27 janvier la Grande rencontre de la rel\u00e8ve daffaires de Montr\u00e9al de la.<\/p>\n","protected":false},"excerpt":{"rendered":"<p>Sep 9, 2019 Il sinscrit \u00e9galement dans la continuit\u00e9 de deux pr\u00e9c\u00e9dentes \u00e9ditions ayant eu lieu \u00e0 Montr\u00e9al au Qu\u00e9bec avril 2017 et \u00e0 Louvain-la-Neuve en Les visi\u00e8res peuvent-elles remplacer les masques grand public. Quelles sont les r\u00e8gles de distanciation physique \u00e0 appliquer. Comment les \u00e9coles et Le jeudi 1er novembre. 8h, Accueil et inscription [&hellip;]<\/p>\n","protected":false},"author":1,"featured_media":0,"comment_status":"closed","ping_status":"closed","sticky":false,"template":"","format":"standard","meta":{"footnotes":""},"categories":[],"tags":[],"class_list":["post-16732","post","type-post","status-publish","format-standard","hentry"],"_links":{"self":[{"href":"https:\/\/profeel.bzh\/wordpress\/wp-json\/wp\/v2\/posts\/16732","targetHints":{"allow":["GET"]}}],"collection":[{"href":"https:\/\/profeel.bzh\/wordpress\/wp-json\/wp\/v2\/posts"}],"about":[{"href":"https:\/\/profeel.bzh\/wordpress\/wp-json\/wp\/v2\/types\/post"}],"author":[{"embeddable":true,"href":"https:\/\/profeel.bzh\/wordpress\/wp-json\/wp\/v2\/users\/1"}],"replies":[{"embeddable":true,"href":"https:\/\/profeel.bzh\/wordpress\/wp-json\/wp\/v2\/comments?post=16732"}],"version-history":[{"count":0,"href":"https:\/\/profeel.bzh\/wordpress\/wp-json\/wp\/v2\/posts\/16732\/revisions"}],"wp:attachment":[{"href":"https:\/\/profeel.bzh\/wordpress\/wp-json\/wp\/v2\/media?parent=16732"}],"wp:term":[{"taxonomy":"category","embeddable":true,"href":"https:\/\/profeel.bzh\/wordpress\/wp-json\/wp\/v2\/categories?post=16732"},{"taxonomy":"post_tag","embeddable":true,"href":"https:\/\/profeel.bzh\/wordpress\/wp-json\/wp\/v2\/tags?post=16732"}],"curies":[{"name":"wp","href":"https:\/\/api.w.org\/{rel}","templated":true}]}}