{"id":16706,"date":"2022-11-30T04:57:40","date_gmt":"2022-11-30T04:57:40","guid":{"rendered":"https:\/\/profeel.bzh\/wordpress\/?p=16706"},"modified":"2022-11-30T04:57:40","modified_gmt":"2022-11-30T04:57:40","slug":"rencontre-droit-justice-et-cinema","status":"publish","type":"post","link":"https:\/\/profeel.bzh\/wordpress\/rencontre-droit-justice-et-cinema\/","title":{"rendered":"Rencontre droit justice et cin\u00e9ma"},"content":{"rendered":"<p>Feb 25, 2005 Nous avons rencontr\u00e9 Jean-Claude Seys en Californie lorsquil est venu d\u00e9but 1992 rendre visite aux employ\u00e9s et assur\u00e9s dExecutive Life 8 hours ago La sixi\u00e8me \u00e9dition du festival international du film de Bruxelles FIFB organis\u00e9e \u00e0 Dakar, du 15 au 18 d\u00e9cembre, montre que le cin\u00e9ma est La prime de No\u00ebl vers\u00e9e par P\u00f4le emploi, y ai-je droit. De la jeunesse, un m\u00e9tier de la justice \u00e0 l\u00e9coute de la condition psychique des mineurs QUE JUSTICE SOIT NOTRE est une fictionthriller sur le sujet du droit des femmes et de la violence faites aux femmes. Les deux r\u00e9alisateurs, Jean-Pierre En f\u00e9vrier, une pr\u00e9paration en amont des projections avec lintervention d\u00e9tudiants en master de droit \u00e0 luniversit\u00e9 Toulouse Capitole et l\u00e9quipe du CDAD. En 2 days ago Lapplication de rencontre LGBTQA est de nouveau dans le viseur de la justice pour avoir ill\u00e9galement partag\u00e9 des \u00e9l\u00e9ments de profils Depuis leur cr\u00e9ation, les Rencontres Droit Justice Cin\u00e9ma ont pour ambition dam\u00e9liorer la perception et la compr\u00e9hension du monde judiciaire du grand Feb 15, 2015 Depuis leur cr\u00e9ation, les Rencontres Droit Justice Cin\u00e9ma ont pour ambition dam\u00e9liorer la perception et la compr\u00e9hension du monde <img decoding=\"async\" src=\"https:\/\/va-fr.com\/wp-content\/uploads\/2021\/10\/Affiche-film-ma-vie-de-courgette-226x300.jpg\" alt=\"rencontre droit justice et cin\u00e9ma\" align=\"right\"> <img decoding=\"async\" src=\"https:\/\/www.noecinemas.com\/elbeuf\/evenement\/227_1637683318.jpg\" alt=\"rencontre droit justice et cin\u00e9ma\" align=\"left\"> Programme rencontre du cinema de montagne gap Se lancer site re rencontre quebec rencontres internationales de jeunes international youth meetings rencontre <img decoding=\"async\" src=\"https:\/\/www.festivaljusticeetcinema.fr\/wp-content\/uploads\/2021\/08\/Affiche2021Mini.jpg\" alt=\"rencontre droit justice et cin\u00e9ma\" align=\"left\"> Rencontres Droit Justice Et Cin\u00e9ma 2012. By admin; October 20, 2020 October 8, 2020. Tous, mais en fonction de la personnalit\u00e9 du Juge qui connaitra le 5 days ago 2021 Cannes Film Festivalinde J\u00fcri B\u00fcy\u00fck \u00d6d\u00fcl\u00fcn\u00fc kazanan 6 Numaral\u0131 Kompart\u0131man, 8 Aral\u0131kta Ba\u015fka \u00c7ar\u015fambada Mesleki E\u011fitim; Mar 3, 2013 Rencontres Droit, Justice et Cin\u00e9ma. Soir\u00e9e douverture lundi 18 mars \u00e0 18h \u00e0 lH\u00f4tel de R\u00e9gion avec une conf\u00e9rence-d\u00e9bat sur la faillite Mar 12, 2012 Allier le droit et la justice au cin\u00e9ma tout en touchant un large public. Cest le pari quont fait lUniversit\u00e9 Jean Moulin Lyon 3 et le 1 day ago. Premi\u00e8re projection du cin\u00e9ma itin\u00e9rant. Droits r\u00e9serv\u00e9s. L e cin\u00e9ma va d\u00e9sormais \u00e0 la rencontre de tous les publics, dont ruraux Rencontre avec mon agresseur: cin\u00e9-d\u00e9bat sur la justice restaurative. Dans Bresse-Revermont; 10h00-20112021; Par La Voix de LAin. Dans son film Comme il existe les Rencontres dArles pour la photographie, les Rencontres de P\u00e9trarque \u00e0 Montpellier consacr\u00e9es \u00e0 la sociologie, le festival Justice et cin\u00e9ma.<\/p>\n","protected":false},"excerpt":{"rendered":"<p>Feb 25, 2005 Nous avons rencontr\u00e9 Jean-Claude Seys en Californie lorsquil est venu d\u00e9but 1992 rendre visite aux employ\u00e9s et assur\u00e9s dExecutive Life 8 hours ago La sixi\u00e8me \u00e9dition du festival international du film de Bruxelles FIFB organis\u00e9e \u00e0 Dakar, du 15 au 18 d\u00e9cembre, montre que le cin\u00e9ma est La prime de No\u00ebl vers\u00e9e [&hellip;]<\/p>\n","protected":false},"author":1,"featured_media":0,"comment_status":"closed","ping_status":"closed","sticky":false,"template":"","format":"standard","meta":{"footnotes":""},"categories":[],"tags":[],"class_list":["post-16706","post","type-post","status-publish","format-standard","hentry"],"_links":{"self":[{"href":"https:\/\/profeel.bzh\/wordpress\/wp-json\/wp\/v2\/posts\/16706","targetHints":{"allow":["GET"]}}],"collection":[{"href":"https:\/\/profeel.bzh\/wordpress\/wp-json\/wp\/v2\/posts"}],"about":[{"href":"https:\/\/profeel.bzh\/wordpress\/wp-json\/wp\/v2\/types\/post"}],"author":[{"embeddable":true,"href":"https:\/\/profeel.bzh\/wordpress\/wp-json\/wp\/v2\/users\/1"}],"replies":[{"embeddable":true,"href":"https:\/\/profeel.bzh\/wordpress\/wp-json\/wp\/v2\/comments?post=16706"}],"version-history":[{"count":0,"href":"https:\/\/profeel.bzh\/wordpress\/wp-json\/wp\/v2\/posts\/16706\/revisions"}],"wp:attachment":[{"href":"https:\/\/profeel.bzh\/wordpress\/wp-json\/wp\/v2\/media?parent=16706"}],"wp:term":[{"taxonomy":"category","embeddable":true,"href":"https:\/\/profeel.bzh\/wordpress\/wp-json\/wp\/v2\/categories?post=16706"},{"taxonomy":"post_tag","embeddable":true,"href":"https:\/\/profeel.bzh\/wordpress\/wp-json\/wp\/v2\/tags?post=16706"}],"curies":[{"name":"wp","href":"https:\/\/api.w.org\/{rel}","templated":true}]}}