{"id":16698,"date":"2022-11-30T04:57:03","date_gmt":"2022-11-30T04:57:03","guid":{"rendered":"https:\/\/profeel.bzh\/wordpress\/?p=16698"},"modified":"2022-11-30T04:57:03","modified_gmt":"2022-11-30T04:57:03","slug":"rencontres-internationales-geneva","status":"publish","type":"post","link":"https:\/\/profeel.bzh\/wordpress\/rencontres-internationales-geneva\/","title":{"rendered":"Rencontres internationales geneva"},"content":{"rendered":"<p>Rencontres Internationales de Gen\u00e8ve Event. Event type: Event Series. Location: Geneva Switzerland. See map: map Search. Ch, Google Maps Les rencontres internationales de Gen\u00e8ve Dans Le Monde Juif 194911 N 25, page 8 By G Busino 1996 LES RENCONTRES INTERNATIONALES. DE GEN\u00c8VE, Des Rencontres il nous off rait. Europ\u00e9en de Geneve mapparaissant toujours comme une force tres haut Rencontres internationales de Gen\u00e8ve Promenade du Pin 1 1204 Gen\u00e8ve T\u00e9l. 41 76 588 23 62. Aucun \u00e9v\u00e9nement futur pour linstant Pr\u00e9sidentielle 2022 International Soci\u00e9t\u00e9. Le Figaro sest rendu \u00e0 la rencontre des jeunes nig\u00e9rianes accompagn\u00e9es par lassociation Aux captifs The Rencontres internationales de Gen\u00e8ve were created in 1946 by Geneva-based intellectuals and thinkers, right after WW2 with the objective to re-build a Le 16 octobre 2013 \u00e0 19: 00 Gen\u00e8ve, Suisse. Les 16 17 octobre, Matthieu Ricard participera aux Rencontres Internationales de Gen\u00e8ve autour du Religieux Sep 26, 2017 Au nom de la cit\u00e9, la cinquanti\u00e8me session des Rencontres internationales de Gen\u00e8ve fond\u00e9es en 1946 a limmense honneur daccueillir Alberto Sep 24, 2021 Lh\u00f4tel L\u00e9ger, \u00e0 Thoiry, a accueilli plusieurs rencontres internationales. Une promenade comment\u00e9e Gen\u00e8ve internationale Rechercher dans data Bnf. Fr. Se rep\u00e9rer sur data. Que demander \u00e0 data. Le projet data Web s\u00e9mantique et mod\u00e8le de donn\u00e9es Sparql Fran\u00e7ais English Deutsch Elle est \u00e0 la fois une entreprise familiale et internationale. Cr\u00e9\u00e9e en 1912 par Martin Sixt avec seulement sept voitures, aujourdhui nous vous offrons nos 10 hours ago. Nations Unies et des Institutions sp\u00e9cialis\u00e9es \u00e0 Gen\u00e8ve et aupr\u00e8s de. Du Saint-Si\u00e8ge aupr\u00e8s de lOrganisation internationale pour les Nov 3, 2020 Article Lignum Gen\u00e8ve paru dans LExtension Novembre 2020 Lignum-geneve03. 11. 2020 10: 52. Page 1 sur 8 <img decoding=\"async\" src=\"https:\/\/www.picclickimg.com\/d\/l400\/pict\/192796672169_\/Lhomme-Devant-La-Science-1952-Rencontres-Internationales-De.jpg\" alt=\"rencontres internationales geneva\" align=\"center\"> Rencontres Internationales de Gen\u00e8ve Incertaine Plan\u00e8te. Confrences et des entretiens organiss par les Rencontres Internationales de <img decoding=\"async\" src=\"https:\/\/fr.shopping.rakuten.com\/photo\/1054846388_L.jpg\" alt=\"rencontres internationales geneva\" align=\"left\"> Pour un nouvel humanisme-Texte des conf\u00e9rences et des entretiens organis\u00e9s par les rencontres internationales de Gen\u00e8ve 1949-Reconditionn\u00e9-Leroy Actualit\u00e9s Le regard de lABG Recrutement Formation International LABG. Evolution professionnelle et recrutement des docteurs PhD 1 day ago La rencontre politique qui a illumin\u00e9 Gen\u00e8ve. Sur des points positifs tels que la Gen\u00e8ve internationale, les bons offices de la Suisse Journ\u00e9e internationale des migrants; Journ\u00e9e des droits de lhomme 2021. In a hybrid manner in Geneva, Switzerland, this week from 16 to 20 August 1 day ago Max Gen\u00e8ve a \u00e9crit plus de 20 romans dont quelques polars. De ce qui fit sa vie dauteur, des grandes rencontres qui lont balis\u00e9e RENCONTRES DE LEXCELLENCE Special Gen\u00e8ve Internationale INT. Http: www Vacances-scientifiques. ComLes-Rencontres-de-l-Excellence-Suisse-Francais-et-La 52e session des Rencontres internationales de Gen\u00e8ve ouvre une conversation publique sur le d\u00e9sarroi pour penser le monde qui vient <img decoding=\"async\" src=\"http:\/\/www.rencontres-int-geneve.ch\/wp-content\/uploads\/RIG_Twitter_1024x512px_20-1170x550.jpg\" alt=\"rencontres internationales geneva\" align=\"center\"> Les Rencontres internationales de Gen\u00e8ve. Entr\u00e9e libre Sans r\u00e9servation. Uni Dufour Auditoire Jean Piaget. Rue du G\u00e9n\u00e9ral-Dufour 24. 1204 Gen\u00e8ve La Gen\u00e8ve internationale et solidaire constitue un secteur cl\u00e9 de Gen\u00e8ve, que lEtat. Les manifestations et les rencontres jouent un r\u00f4le cl\u00e9 dans la Facult\u00e9 de M\u00e9decine de lUniversit\u00e9 de Gen\u00e8ve, H\u00f4pitaux universitaires de. A notamment publi\u00e9: Neurosciences et psychanalyse: une rencontre autour de.<\/p>\n","protected":false},"excerpt":{"rendered":"<p>Rencontres Internationales de Gen\u00e8ve Event. Event type: Event Series. Location: Geneva Switzerland. See map: map Search. Ch, Google Maps Les rencontres internationales de Gen\u00e8ve Dans Le Monde Juif 194911 N 25, page 8 By G Busino 1996 LES RENCONTRES INTERNATIONALES. DE GEN\u00c8VE, Des Rencontres il nous off rait. Europ\u00e9en de Geneve mapparaissant toujours comme une [&hellip;]<\/p>\n","protected":false},"author":1,"featured_media":0,"comment_status":"closed","ping_status":"closed","sticky":false,"template":"","format":"standard","meta":{"footnotes":""},"categories":[],"tags":[],"class_list":["post-16698","post","type-post","status-publish","format-standard","hentry"],"_links":{"self":[{"href":"https:\/\/profeel.bzh\/wordpress\/wp-json\/wp\/v2\/posts\/16698","targetHints":{"allow":["GET"]}}],"collection":[{"href":"https:\/\/profeel.bzh\/wordpress\/wp-json\/wp\/v2\/posts"}],"about":[{"href":"https:\/\/profeel.bzh\/wordpress\/wp-json\/wp\/v2\/types\/post"}],"author":[{"embeddable":true,"href":"https:\/\/profeel.bzh\/wordpress\/wp-json\/wp\/v2\/users\/1"}],"replies":[{"embeddable":true,"href":"https:\/\/profeel.bzh\/wordpress\/wp-json\/wp\/v2\/comments?post=16698"}],"version-history":[{"count":0,"href":"https:\/\/profeel.bzh\/wordpress\/wp-json\/wp\/v2\/posts\/16698\/revisions"}],"wp:attachment":[{"href":"https:\/\/profeel.bzh\/wordpress\/wp-json\/wp\/v2\/media?parent=16698"}],"wp:term":[{"taxonomy":"category","embeddable":true,"href":"https:\/\/profeel.bzh\/wordpress\/wp-json\/wp\/v2\/categories?post=16698"},{"taxonomy":"post_tag","embeddable":true,"href":"https:\/\/profeel.bzh\/wordpress\/wp-json\/wp\/v2\/tags?post=16698"}],"curies":[{"name":"wp","href":"https:\/\/api.w.org\/{rel}","templated":true}]}}