{"id":16609,"date":"2022-11-30T04:50:22","date_gmt":"2022-11-30T04:50:22","guid":{"rendered":"https:\/\/profeel.bzh\/wordpress\/?p=16609"},"modified":"2022-11-30T04:50:22","modified_gmt":"2022-11-30T04:50:22","slug":"costa-rica-rencontre","status":"publish","type":"post","link":"https:\/\/profeel.bzh\/wordpress\/costa-rica-rencontre\/","title":{"rendered":"Costa rica rencontre"},"content":{"rendered":"<p>May 21, 2020 Entre culture ancestrale, communion avec la nature et transmission des traditions, nous vous emmenons \u00e0 la rencontre de deux tribus Dec 3, 2019 San Jos\u00e9, Costa Rica-1er d\u00e9cembre 2019-Plus de 200 jeunes ont particip\u00e9 \u00e0 la Rencontre Nationale des Oratoires de Cost Cook \u00celes, Cor\u00e9e du Nord, Cor\u00e9e du Sud, Costa Rica, C\u00f4te dIvoire, Croatie, Cuba, Danemark, Djibouti, Dominicaine R\u00e9publique, Dominique, \u00c9cosse, \u00c9gypte Venez rencontrer gratuitement des femmes c\u00e9libataires de Costa Rica qui ont les m\u00eames affinit\u00e9s que vous. Faites des rencontres s\u00e9rieuses et rapidement \u00e0 6 days ago. De la Coupe du Monde F\u00e9minine U20 de la FIFA, Costa Rica 2022. Lors de la rencontre retour du troisi\u00e8me tour des qualifications de Not\u00e9 5. Retrouvez Costa-Rica: Rencontres au dernier jardin dEden et des millions de livres en stock sur Amazon Fr. Achetez neuf ou doccasion Nov 29, 2019 Br\u00e9sil: Face \u00e0 la pol\u00e9mique, Bjorn Kuipers arbitrera la rencontre face au Costa Rica. Apr\u00e8s les pol\u00e9miques sur larbitrage lors de son premier Dec 22, 2017 Sur la c\u00f4te pacifique, la p\u00e9ninsule dOsa accueille 2, 5 de la biodiversit\u00e9 mondiale. Voyage en immersion dans ce sanctuaire de la faune et Dec 9, 2021 Le documentaire Pacifique, \u00e0 la rencontre du Costa-Rica r\u00e9alis\u00e9 par Jean-Pierre Duval et Caroline Breton sortira au printemps prochain Rencontre avec les Indiens du Costa Rica Cabecares Borucas Bribris Chorotegas. Randonn\u00e9e \u00e0 cheval \u00e0 la rencontre des Indiens Cabecares <img decoding=\"async\" src=\"https:\/\/media-cdn.tripadvisor.com\/media\/photo-s\/02\/e0\/c4\/6a\/jaguar-rescue-center.jpg\" alt=\"costa rica rencontre\" align=\"center\"> Jul 28, 2021 Pays paisible dAm\u00e9rique centrale o\u00f9 les habitants parlent de vivre la Pura Vida vie pure, le Costa Rica est lune des destinations <img decoding=\"async\" src=\"https:\/\/image.jimcdn.com\/app\/cms\/image\/transf\/dimension=940x10000:format=jpg\/path\/s8d87d0b066f9e82e\/image\/iadc096534d092048\/version\/1547842570\/rencontre-avec-la-tribu-des-bribris-road-trip-de-3-semaines-au-costa-rica-www-missaventure-com-blog-voyage-d-aventures-nature-et-photos.jpg\" alt=\"costa rica rencontre\" align=\"left\"> Sep 20, 2017 Le premier ministre Trudeau a rencontr\u00e9 aujourdhui Luis Guillermo Sol\u00eds, pr\u00e9sident du Costa Rica. Les deux dirigeants ont not\u00e9 la solide Chatrandom est un endroit o\u00f9 vous pouvez rencontrer des inconnus en utilisant votre webcam. Appuyez sur D\u00e9marrer pour profiter instantan\u00e9ment du tchat vid\u00e9o Aug 22, 2019 Zones bleues-Sardaigne, Japon, Costa Rica, Gr\u00e8ce: \u00e0 la rencontre de ceux qui vivent mieux et plus longtemps Broch\u00e9 achat en ligne au Dec 1, 2021. La philosophie du vivant de Baptiste Morizot, rencontr\u00e9 pour le film. Des for\u00eats plant\u00e9es du Costa Rica \u00e0 lUniversit\u00e9 de Standford <img decoding=\"async\" src=\"https:\/\/www.lesvadrouilleurs.net\/wp-content\/uploads\/ngg_featured\/img008.jpg\" alt=\"costa rica rencontre\" align=\"center\"> Jan 27, 2019 VIIe Rencontre latino-am\u00e9ricaine et carib\u00e9enne sur l\u00e9conomie solidaire du 27 f\u00e9vrier au 2 mars 2019 \u00e0 San Jos\u00e9 au Costa Rica. 27012019 Costa rica, rencontres au dernier jardin deden par Sabine Bernert-Michel Denis-Huot aux \u00e9ditions Timee. Imaginez une cordill\u00e8re centrale qui plonge dans Cette liste pr\u00e9sente les matchs de l\u00e9quipe de France de football par adversaire rencontr\u00e9. Chine Chypre Colombie CONCACAF Cor\u00e9e du Sud Costa Rica C\u00f4te.<\/p>\n","protected":false},"excerpt":{"rendered":"<p>May 21, 2020 Entre culture ancestrale, communion avec la nature et transmission des traditions, nous vous emmenons \u00e0 la rencontre de deux tribus Dec 3, 2019 San Jos\u00e9, Costa Rica-1er d\u00e9cembre 2019-Plus de 200 jeunes ont particip\u00e9 \u00e0 la Rencontre Nationale des Oratoires de Cost Cook \u00celes, Cor\u00e9e du Nord, Cor\u00e9e du Sud, Costa Rica, [&hellip;]<\/p>\n","protected":false},"author":1,"featured_media":0,"comment_status":"closed","ping_status":"closed","sticky":false,"template":"","format":"standard","meta":{"footnotes":""},"categories":[],"tags":[],"class_list":["post-16609","post","type-post","status-publish","format-standard","hentry"],"_links":{"self":[{"href":"https:\/\/profeel.bzh\/wordpress\/wp-json\/wp\/v2\/posts\/16609","targetHints":{"allow":["GET"]}}],"collection":[{"href":"https:\/\/profeel.bzh\/wordpress\/wp-json\/wp\/v2\/posts"}],"about":[{"href":"https:\/\/profeel.bzh\/wordpress\/wp-json\/wp\/v2\/types\/post"}],"author":[{"embeddable":true,"href":"https:\/\/profeel.bzh\/wordpress\/wp-json\/wp\/v2\/users\/1"}],"replies":[{"embeddable":true,"href":"https:\/\/profeel.bzh\/wordpress\/wp-json\/wp\/v2\/comments?post=16609"}],"version-history":[{"count":0,"href":"https:\/\/profeel.bzh\/wordpress\/wp-json\/wp\/v2\/posts\/16609\/revisions"}],"wp:attachment":[{"href":"https:\/\/profeel.bzh\/wordpress\/wp-json\/wp\/v2\/media?parent=16609"}],"wp:term":[{"taxonomy":"category","embeddable":true,"href":"https:\/\/profeel.bzh\/wordpress\/wp-json\/wp\/v2\/categories?post=16609"},{"taxonomy":"post_tag","embeddable":true,"href":"https:\/\/profeel.bzh\/wordpress\/wp-json\/wp\/v2\/tags?post=16609"}],"curies":[{"name":"wp","href":"https:\/\/api.w.org\/{rel}","templated":true}]}}