{"id":16588,"date":"2022-11-30T04:49:07","date_gmt":"2022-11-30T04:49:07","guid":{"rendered":"https:\/\/profeel.bzh\/wordpress\/?p=16588"},"modified":"2022-11-30T04:49:07","modified_gmt":"2022-11-30T04:49:07","slug":"chat-vaulx-en-velin","status":"publish","type":"post","link":"https:\/\/profeel.bzh\/wordpress\/chat-vaulx-en-velin\/","title":{"rendered":"Chat vaulx en velin"},"content":{"rendered":"<p>La ville de VAULX EN VELIN faisant partie de notre secteur, nous pouvons aussi accueillir votre animal dans la structure de soins intensifs situ\u00e9e sur Lyon. Le Trouvez et contactez la s\u00e9lection d\u00e9leveurs de chats \u00e0 Vaulx-en-Velin, r\u00e9servez votre chatons dans nos nouvelles port\u00e9es Maternelle Le Chat Perch\u00e9, \u00e9cole maternelle \u00e9tablissement Public \u00e0 Vaulx-en-Velin 69120: adresse, t\u00e9l\u00e9phone. Retrouvez toutes les informations utiles Je sors dans les parcs promenade jeux ext\u00e9rieur ecole gagarine chat perche et les alentours. Et chez nounou coloriage pate a modeler sable magique on s amuse <img decoding=\"async\" src=\"https:\/\/www.unpoingcestcourt.com\/wp-content\/uploads\/scolaires2019-LeChatQuiPleure.jpg\" alt=\"chat vaulx en velin\" align=\"center\"> <img decoding=\"async\" src=\"https:\/\/www.fonds-saint-bernard.com\/images\/com_adsmanager\/contents\/image_19506_5.jpg\" alt=\"chat vaulx en velin\" align=\"left\"> LES CHATS Libres Vaudais, Vaulx-en-Velin. 731 Jaime 63 en parlent. St\u00e9rilisation des chats errants pour limiter la surpopulation f\u00e9line. Cr\u00e9ation dun V\u00e9t\u00e9rinaire sur Vaulx-en-velin 69120, Rh\u00f4ne, France, sur Allo-Medecins, lannuaire des m\u00e9decins et de la sant\u00e9 Dec 1, 2021 LES CHATS LIBRES VAUDAIS LCLV \u00e0 VAULX-EN-VELIN 69120 RCS, SIREN, SIRET, bilans, statuts, chiffre daffaires, dirigeants, cartographie Oct 27, 2021 Un chat habitu\u00e9 de la station Lyon Saint-Priest Vaulx-en-Velin V\u00e9nissieux Villeurbanne Insolite Animaux Actualit\u00e9 en continu <img decoding=\"async\" src=\"http:\/\/mjc-vaulxenvelin.com\/wp-content\/uploads\/2019\/06\/Safari-de-peaugre-le.png\" alt=\"chat vaulx en velin\" align=\"right\"> Professeure des \u00e9coles et Directrice. Maternelle Le Chat Perch\u00e9 Sept. 2007-ao\u00fbt 2017 10 ans. Maternelle Le Chat Perch\u00e9 Vaulx en Velin Informations et situation de lassociation Les chats libres vaudais lclv Amicales, groupements affinitaires, dentraide dans la ville de Vaulx-en-Velin Toutes les annonces immobili\u00e8res de vente \u00e0 Vaulx en Velin 69120, trouvez votre bien immobilier \u00e0 acheter \u00e0 Vaulx en Velin Il ny a plus de services li\u00e9 aux refuge animaux, SPA, association animaux Vaulx-en-Velin, mais dautres services animaux, chien et chat sont disponible publique Le Chat Perche, qui dispose dun restaurant scolaire, accueille 152 \u00e9l\u00e8ves dans ses locaux situ\u00e9s sur la ville de Vaulx-en-Velin 69120 Vous pouvez \u00e9galement commander et faire livrer directement \u00e0 lassociation Les Chats Libres Vaudais, 6 rue de la digue, 69120 Vaulx-en-Velin. En parrainant Actuellement ouvert. Horaires douverture de \u00c9cole Maternelle Publique Le Chat Perch\u00e9 \u00e0 Vaulx-en-Velin Horaires douverture Num\u00e9ro de t\u00e9l\u00e9phone.<\/p>\n","protected":false},"excerpt":{"rendered":"<p>La ville de VAULX EN VELIN faisant partie de notre secteur, nous pouvons aussi accueillir votre animal dans la structure de soins intensifs situ\u00e9e sur Lyon. Le Trouvez et contactez la s\u00e9lection d\u00e9leveurs de chats \u00e0 Vaulx-en-Velin, r\u00e9servez votre chatons dans nos nouvelles port\u00e9es Maternelle Le Chat Perch\u00e9, \u00e9cole maternelle \u00e9tablissement Public \u00e0 Vaulx-en-Velin 69120: [&hellip;]<\/p>\n","protected":false},"author":1,"featured_media":0,"comment_status":"closed","ping_status":"closed","sticky":false,"template":"","format":"standard","meta":{"footnotes":""},"categories":[],"tags":[],"class_list":["post-16588","post","type-post","status-publish","format-standard","hentry"],"_links":{"self":[{"href":"https:\/\/profeel.bzh\/wordpress\/wp-json\/wp\/v2\/posts\/16588","targetHints":{"allow":["GET"]}}],"collection":[{"href":"https:\/\/profeel.bzh\/wordpress\/wp-json\/wp\/v2\/posts"}],"about":[{"href":"https:\/\/profeel.bzh\/wordpress\/wp-json\/wp\/v2\/types\/post"}],"author":[{"embeddable":true,"href":"https:\/\/profeel.bzh\/wordpress\/wp-json\/wp\/v2\/users\/1"}],"replies":[{"embeddable":true,"href":"https:\/\/profeel.bzh\/wordpress\/wp-json\/wp\/v2\/comments?post=16588"}],"version-history":[{"count":0,"href":"https:\/\/profeel.bzh\/wordpress\/wp-json\/wp\/v2\/posts\/16588\/revisions"}],"wp:attachment":[{"href":"https:\/\/profeel.bzh\/wordpress\/wp-json\/wp\/v2\/media?parent=16588"}],"wp:term":[{"taxonomy":"category","embeddable":true,"href":"https:\/\/profeel.bzh\/wordpress\/wp-json\/wp\/v2\/categories?post=16588"},{"taxonomy":"post_tag","embeddable":true,"href":"https:\/\/profeel.bzh\/wordpress\/wp-json\/wp\/v2\/tags?post=16588"}],"curies":[{"name":"wp","href":"https:\/\/api.w.org\/{rel}","templated":true}]}}