{"id":16559,"date":"2022-11-30T04:45:21","date_gmt":"2022-11-30T04:45:21","guid":{"rendered":"https:\/\/profeel.bzh\/wordpress\/?p=16559"},"modified":"2022-11-30T04:45:21","modified_gmt":"2022-11-30T04:45:21","slug":"rencontres-livres-mondes-juifs","status":"publish","type":"post","link":"https:\/\/profeel.bzh\/wordpress\/rencontres-livres-mondes-juifs\/","title":{"rendered":"Rencontres livres mondes juifs"},"content":{"rendered":"<p>Jul 12, 2021 Quatre jours de rencontres entre juifs et chr\u00e9tiens. JFB a lu Paul cf. Son livre: Affronter le monde nouveau Les juifs marocains, plus grande communaut\u00e9 juive du monde arabe Arts Expositions. La premi\u00e8re rencontre des Juifs avec lIslam. Cest dans lactuelle En r\u00e9sidence en Moselle-Est, le journaliste dijonnais Robin Jafflin est all\u00e9 \u00e0 la rencontre dune classe du coll\u00e8ge Rabelais de LH\u00f4pital pour \u00e9changer avec des 4 days ago Rencontre de Gutenberg et du num\u00e9rique. \u00c9crire un livre en une nuit et \u00e9crire sur les suicid\u00e9s devient le d\u00e9sir \u00e9trange et obsessionnel Oct 6, 2011 \u00e0 la rencontre de la pens\u00e9e et du monde juifs. Plus courants autant que des concepts fondamentaux, ce livre veut \u00eatre un compagnon utile <img decoding=\"async\" src=\"https:\/\/i.ytimg.com\/vi\/b4kS-MYi6zU\/maxresdefault.jpg\" alt=\"rencontres livres mondes juifs\" align=\"left\"> Louvrage se pr\u00e9sente comme la transcription des actes dune rencontre secr\u00e8te des dirigeants dune soci\u00e9t\u00e9 secr\u00e8te juive dinspiration sioniste. Elle met au <img decoding=\"async\" src=\"https:\/\/ichef.bbci.co.uk\/news\/640\/cpsprodpb\/7C05\/production\/_100094713_coursd'hbreuaupremierrangguershonn'duwa.jpg\" alt=\"rencontres livres mondes juifs\" align=\"center\"> Informations sur Une \u00e9trange rencontre: Juifs, Grecs et Romains 9782204114189 de Nathalie Cohen et sur le rayon Lunivers de la Bible, La Procure Jan 29, 2014 Le sens exact du titre original, Jews and Words Les Juifs et les mots, Ce que lon rencontre, ce nest pas le monde, cest un livre Bienvenue sur la page litterature-rencontres-hotel-lutetia-livres-mondes-juifs de lintermede La collection de livres et de p\u00e9riodiques 20 000 documente lart et lhistoire des communaut\u00e9s juives dans le monde. Un fonds douvrages d\u00e9di\u00e9 aux Mar 28, 2016 Rencontre avec Houria BOUTELDJA \u00e0 loccasion de la parution de son livre Les Blancs, les Juifs et Nous Vers une politique de lamour Nov 20, 2018 Les mille pages des Livres de Jak\u00f3b, dOlga Tokarczuk, Les Sarmates; avec un monde juif oppressant sous la r\u00e8gle de fer des rabbins 5 days ago Rencontre avec le r\u00e9alisateur isra\u00e9lien Ari Folman, qui apporte une. Lui a grandi en \u00e9coutant les r\u00e9cits de lextermination des Juifs 5 days ago Emmanuel Macron boucle ce lundi \u00e0 Budapest son tour dEurope de futur pr\u00e9sident de lUnion. Il y retrouve son ennemi pr\u00e9f\u00e9r\u00e9, Viktor Orban May 24, 2017 Compte rendu du livre Une \u00e9trange rencontre: Juifs, Grecs et Romains. De cet universalisme, qui finira par toucher le monde romain ; Mar 28, 2016 Car Mamsani, dernier vestige de la communaut\u00e9 juive, a provoqu\u00e9 la col\u00e8re des islamistes en publiant un livre sur les liens entre Juifs et Aug 27, 2018 Le livre de Catherine Bardon ravive nos plaies et nous incite \u00e0 plus dhumanit\u00e9. Lauteur fait la chronique dun couple juif de Vienne Feb 20, 2019 Le 4 janvier 1985, nous avons rencontr\u00e9 Ginette Schulhof, Et le portrait dun chirurgien juif qui raconte dans un livre son histoire Situ\u00e9 \u00e0 Paris, lECUJE diffuse partout dans le monde. Participez \u00e0 la rencontre avec les auteurs engag\u00e9s Didier Lemaire et David di Nota Nous organiserons \u00e9galement la 2e \u00e9dition du Salon du Livre des Mondes Juifs de Montpellier-Occitanie, qui se tiendra les 7 et 8 novembre prochains \u00e0 Il est impossible de lire ce livre comme un roman car il sagit dune encyclop\u00e9die des communaut\u00e9s juives reconnues ou non par la Halakha du monde. V\u00e9ritable Le juda\u00efsme est une religion abrahamique tr\u00e8s ancienne qui pr\u00e9sente certaines particularit\u00e9s. Fondant sa croyance sur lexistence dun seul dieu, elle dispose Ouvrir un lieu de rencontre entre des amis dIsra\u00ebl, chr\u00e9tiens ou non, A lheure des r\u00e9flexions sur le changement de notre monde suite au covid <img decoding=\"async\" src=\"https:\/\/www.editionsbdl.com\/wp-content\/uploads\/2020\/10\/intellectuels-juifs.jpg\" alt=\"rencontres livres mondes juifs\" align=\"center\">.<\/p>\n","protected":false},"excerpt":{"rendered":"<p>Jul 12, 2021 Quatre jours de rencontres entre juifs et chr\u00e9tiens. JFB a lu Paul cf. Son livre: Affronter le monde nouveau Les juifs marocains, plus grande communaut\u00e9 juive du monde arabe Arts Expositions. La premi\u00e8re rencontre des Juifs avec lIslam. Cest dans lactuelle En r\u00e9sidence en Moselle-Est, le journaliste dijonnais Robin Jafflin est all\u00e9 [&hellip;]<\/p>\n","protected":false},"author":1,"featured_media":0,"comment_status":"closed","ping_status":"closed","sticky":false,"template":"","format":"standard","meta":{"footnotes":""},"categories":[],"tags":[],"class_list":["post-16559","post","type-post","status-publish","format-standard","hentry"],"_links":{"self":[{"href":"https:\/\/profeel.bzh\/wordpress\/wp-json\/wp\/v2\/posts\/16559","targetHints":{"allow":["GET"]}}],"collection":[{"href":"https:\/\/profeel.bzh\/wordpress\/wp-json\/wp\/v2\/posts"}],"about":[{"href":"https:\/\/profeel.bzh\/wordpress\/wp-json\/wp\/v2\/types\/post"}],"author":[{"embeddable":true,"href":"https:\/\/profeel.bzh\/wordpress\/wp-json\/wp\/v2\/users\/1"}],"replies":[{"embeddable":true,"href":"https:\/\/profeel.bzh\/wordpress\/wp-json\/wp\/v2\/comments?post=16559"}],"version-history":[{"count":0,"href":"https:\/\/profeel.bzh\/wordpress\/wp-json\/wp\/v2\/posts\/16559\/revisions"}],"wp:attachment":[{"href":"https:\/\/profeel.bzh\/wordpress\/wp-json\/wp\/v2\/media?parent=16559"}],"wp:term":[{"taxonomy":"category","embeddable":true,"href":"https:\/\/profeel.bzh\/wordpress\/wp-json\/wp\/v2\/categories?post=16559"},{"taxonomy":"post_tag","embeddable":true,"href":"https:\/\/profeel.bzh\/wordpress\/wp-json\/wp\/v2\/tags?post=16559"}],"curies":[{"name":"wp","href":"https:\/\/api.w.org\/{rel}","templated":true}]}}