{"id":16550,"date":"2022-11-30T04:44:43","date_gmt":"2022-11-30T04:44:43","guid":{"rendered":"https:\/\/profeel.bzh\/wordpress\/?p=16550"},"modified":"2022-11-30T04:44:43","modified_gmt":"2022-11-30T04:44:43","slug":"rencontre-brel-saint-pierre-de-chartreuse","status":"publish","type":"post","link":"https:\/\/profeel.bzh\/wordpress\/rencontre-brel-saint-pierre-de-chartreuse\/","title":{"rendered":"Rencontre brel saint pierre de chartreuse"},"content":{"rendered":"<p>Concerts Grenoble-Festival Les Rencontres Brel \u00e0 Saint-Pierre-de-Chartreuse Is\u00e8re du mardi 19 au dimanche 24 juillet 2016 Rencontres Brel: Ne pas Jul 18, 2016 Le festival d\u00e9di\u00e9 au chanteur-compositeur belge Jacques Brel aura lieu \u00e0 St-Pierre-de-Chartreuse, \u00e0 30 kilom\u00e8tres de Grenoble, de mardi \u00e0 Les employeurs territoriaux recrutent. Le portail de lemploi des Centres de Gestion de la Fonction Publique Territoriale et du CNFPT. Pourquoi ce portail Jul 17, 2014 Saint-Pierre-de-Chartreuse-Rencontres Brel: festival \u00e0 1000 temps. Certains noms nous parlent, dautres moins <img decoding=\"async\" src=\"http:\/\/www.gites-bed-and-breakfast-isere.com\/photos\/gites38\/G\/photo\/442203.jpg\" alt=\"rencontre brel saint pierre de chartreuse\" align=\"center\"> Jul 22, 2012. Un groupe de 7 jeunes \u00e2g\u00e9s de 13 \u00e0 16 ans \u00e0 suivi lensemble du festival Rencontres Brel \u00e0 Saint-Pierre de Chartreuse Acc\u00e8de aux informations du Chapiteau-Saint Pierre de Chartreuse Saint pierre de. Concert Taiwan MC-Rencontres Brel 38 Mardi 22 juillet 2014 Tout le village vit \u00e0 lheure de Jacques Brel. Les organisateurs des Rencontres Brel ont souhait\u00e9 faire \u00e9voluer la programmation en louvrant aux musiques Agenda-Festival Les Rencontres Brel. Organis\u00e9 au coeur du massif de la Chartreuse, les Rencontres Brel r\u00e9unissent. Saint Pierre de Chartreuse 38 <img decoding=\"async\" src=\"http:\/\/webservices.francetelevisions.fr\/staticftv\/images_pdm_ni\/2015-08-07\/DMC_culturebox_53d126b99473992176913ad8_1406215865_1438942386.jpg\" alt=\"rencontre brel saint pierre de chartreuse\" align=\"left\"> Jul 21, 2016 Saint-Pierre-de-Chartreuse 38380-jeu. 21 juil. 16: Depuis 1988, lassociation LEph\u00e9m\u00e8re organise le festival des Rencontres Brel \u00e0 <img decoding=\"async\" src=\"https:\/\/medias.voyageons-autrement.com\/gallery\/2015\/05\/im8_copyrightGeo1.jpg\" alt=\"rencontre brel saint pierre de chartreuse\" align=\"right\"> May 29, 2015 Depuis 1988 le grand Jacques Brel qui a poss\u00e9d\u00e9 un chalet sur Saint Pierre de Chartreuse revit chaque mois de juillet dans les rues Oct 15, 2020 Les gens de Merlin 1997 p 35 saint pierre de chartreuse festival rencontres brel Jaccepte de recevoir par email lactualit\u00e9, les nouveaut\u00e9s Cet \u00e9t\u00e9, du 17 au 22 juillet 2007, cest le 20e festival Rencontres Brel \u00e0 Saint-Pierre de Chartreuse Is\u00e8re 38, Rhones-Alpes. Le festival \u00e0 la montagne Jul 13, 2017. Capitale du massif: Saint-Pierre-de-Chartreuse, son festival de la chanson francophone, anciennement baptis\u00e9 Rencontres Brel Jul 26, 2015 Festival de musiques actuelles se d\u00e9roulant \u00e0 Saint Pierrede Chartreuse dans lIs\u00e8re. Organis\u00e9 au coeur dun territoire de montagne Achetez vite vos billets pour tous les \u00e9v\u00e9nements \u00e0 Rencontres Brel-St Pierre De Chartreuse, St Pierre De Chartreuse avec Ticketmaster. Acc\u00e8s \u00e0 la salle.<\/p>\n","protected":false},"excerpt":{"rendered":"<p>Concerts Grenoble-Festival Les Rencontres Brel \u00e0 Saint-Pierre-de-Chartreuse Is\u00e8re du mardi 19 au dimanche 24 juillet 2016 Rencontres Brel: Ne pas Jul 18, 2016 Le festival d\u00e9di\u00e9 au chanteur-compositeur belge Jacques Brel aura lieu \u00e0 St-Pierre-de-Chartreuse, \u00e0 30 kilom\u00e8tres de Grenoble, de mardi \u00e0 Les employeurs territoriaux recrutent. Le portail de lemploi des Centres de Gestion [&hellip;]<\/p>\n","protected":false},"author":1,"featured_media":0,"comment_status":"closed","ping_status":"closed","sticky":false,"template":"","format":"standard","meta":{"footnotes":""},"categories":[],"tags":[],"class_list":["post-16550","post","type-post","status-publish","format-standard","hentry"],"_links":{"self":[{"href":"https:\/\/profeel.bzh\/wordpress\/wp-json\/wp\/v2\/posts\/16550","targetHints":{"allow":["GET"]}}],"collection":[{"href":"https:\/\/profeel.bzh\/wordpress\/wp-json\/wp\/v2\/posts"}],"about":[{"href":"https:\/\/profeel.bzh\/wordpress\/wp-json\/wp\/v2\/types\/post"}],"author":[{"embeddable":true,"href":"https:\/\/profeel.bzh\/wordpress\/wp-json\/wp\/v2\/users\/1"}],"replies":[{"embeddable":true,"href":"https:\/\/profeel.bzh\/wordpress\/wp-json\/wp\/v2\/comments?post=16550"}],"version-history":[{"count":0,"href":"https:\/\/profeel.bzh\/wordpress\/wp-json\/wp\/v2\/posts\/16550\/revisions"}],"wp:attachment":[{"href":"https:\/\/profeel.bzh\/wordpress\/wp-json\/wp\/v2\/media?parent=16550"}],"wp:term":[{"taxonomy":"category","embeddable":true,"href":"https:\/\/profeel.bzh\/wordpress\/wp-json\/wp\/v2\/categories?post=16550"},{"taxonomy":"post_tag","embeddable":true,"href":"https:\/\/profeel.bzh\/wordpress\/wp-json\/wp\/v2\/tags?post=16550"}],"curies":[{"name":"wp","href":"https:\/\/api.w.org\/{rel}","templated":true}]}}