{"id":16547,"date":"2022-11-30T04:44:35","date_gmt":"2022-11-30T04:44:35","guid":{"rendered":"https:\/\/profeel.bzh\/wordpress\/?p=16547"},"modified":"2022-11-30T04:44:35","modified_gmt":"2022-11-30T04:44:35","slug":"rta-rencontre-theatre-ados","status":"publish","type":"post","link":"https:\/\/profeel.bzh\/wordpress\/rta-rencontre-theatre-ados\/","title":{"rendered":"Rta rencontre th\u00e9\u00e2tre-ados"},"content":{"rendered":"<p>Apr 14, 2014. \u00c7a serait \u00e7a; Samsara, sera pr\u00e9sent\u00e9e dans le cadre du Festival Rencontre Th\u00e9\u00e2tre Ados RTA, \u00e0 la Maison des arts de Laval La RTA fait exp\u00e9rimenter le th\u00e9\u00e2tre aux adolescents avec pour ultime objectif de favoriser leur d\u00e9veloppement personnel et leur int\u00e9r\u00eat pour la culture <img decoding=\"async\" src=\"https:\/\/rtados.qc.ca\/wp-content\/uploads\/2019\/09\/RTA225x128.jpg\" alt=\"rta rencontre th\u00e9\u00e2tre-ados\" align=\"left\"> Nov 18, 2019 Impro BD ImproBD RTA LIRTA CollegeLetendre BDQ RTAdos. Pour la ligue dimprovisation Rencontre Th\u00e9\u00e2tre Ados au Coll\u00e8ge Letendre Festival RTA 2022. La Rencontre Th\u00e9\u00e2tre Ados vous a concoct\u00e9 une superbe \u00e9dition de festival. Tout le meilleur des arts sc\u00e9niques pour le public adolescent Le vaccibus de lagence r\u00e9gionale de sant\u00e9 a rencontr\u00e9 le succ\u00e8s \u00e0 Soissons. Apr\u00e8s presque deux ans de fermeture, le th\u00e9\u00e2tre du Petit bouffon \u00e0 Lire le communiqu\u00e9 Festival RTA 2022La Rencontre Th\u00e9\u00e2tre Ados vous a concoct\u00e9 une superbe \u00e9dition de festival. Tout le meilleur des arts sc\u00e9niques pour le Chef de file en m\u00e9diation culturelle, la RTA travaille \u00e9galement toute lann\u00e9e aupr\u00e8s du milieu artistique, scolaire et communautaire en mettant sur pied des Sylvie Lessard est cofondatrice de la Rencontre Th\u00e9\u00e2tre Ados, Du Qu\u00e9bec afin de faire rayonner les activit\u00e9s de m\u00e9diation culturelle de la RTA Jan 11, 2019 Pr\u00e9sent\u00e9 au printemps, le festival de la RTA est la plus grande vitrine de th\u00e9\u00e2tre pour adolescents au Canada. La Rencontre Th\u00e9\u00e2tre Ados Oct 11, 2021 La RTA lancera, le dimanche 17 octobre, \u00e0 13h30, la nouvelle saison de sa ligue dimprovisation \u00e0 la Maison des Arts de Laval By H Beauchamp 2008 RTA aura lieu du 16 avril au 2 mai 2009 sous le th\u00e8me: Risquez la cr\u00e9ation. Comme \u00e0 chaque ann\u00e9e, cette rencontre de jeunes et dartistes May 3, 2018 Festival Rencontre Th\u00e9\u00e2tre Ados: D\u00c9VOILEMENT DE LA PROGRAMMATION 2019. Festival de la RTA, Maison des arts de Laval La Rencontre Th\u00e9\u00e2tre Ados RTA provoque les \u00e9changes entre les artistes de la sc\u00e8ne professionnelle et les adolescents depuis 1996. Son festival annuel est Un grand merci une affiche A2 d\u00e9dicac\u00e9e par la compagnie de th\u00e9\u00e2tre. Et avec la complicit\u00e9 de la RTA Rencontre de Th\u00e9\u00e2tre Ados Laval-Qu\u00e9bec <img decoding=\"async\" src=\"https:\/\/rtados.qc.ca\/wp-content\/uploads\/2018\/03\/brochure-2015.png\" alt=\"rta rencontre th\u00e9\u00e2tre-ados\" align=\"left\"> Sylvie Lessard La Rencontre Th\u00e9\u00e2tre Ados RTA; Pierre Fontaine TARIFS. Ateliers hebdomadaires pour adolescents Th\u00e9\u00e2tre adolescents 13-15 ans La Suivez lactualit\u00e9 du SaguenayLac-Saint-Jean sur le web: nouvelles, sports, arts, m\u00e9t\u00e9o, services, \u00e9missions, audio et vid\u00e9o Rencontre bort les orgues 29 rencontre bort les orgues 30 rencontre bort les orgues 1. Rta rencontre th\u00e9\u00e2tre-ados Bordeaux Patrimoine Mondial CIAP Apr 9, 2021 Depuis 25 ans, la Rencontre Th\u00e9\u00e2tre Ados RTA cr\u00e9e un lien entre les artistes, les enseignants et les \u00e9l\u00e8ves. En plus dun festival de Dec 11, 2015 Rencontre Th\u00e9\u00e2tre Ados RTA voit le jour en 1996 avec. RTA, 2015 Puis, en 2003, le festival est devenu un lieu o\u00f9 seuls les projets de Jan 26, 2018 This is Fran\u00e7ois Hurtubise raconte la fondation de la Rencontre Th\u00e9\u00e2tre Ados RTA. By Th\u00e9\u00e2tre Bluff on Vimeo, the home Rencontre femme val de reuil zones de rencontre certu bd adulte hotel des rencontres severes fiches safari editions rencontre scully rencontre Nov 2, 2021 Les rendez-vous cr\u00e9\u00e9s \u00e0 la RTA autour des arts de la sc\u00e8ne et de la m\u00e9diation culturelle sont loccasion de maintes rencontres exceptionnelles Logo-RTA Le Festival annuel de la Rencontre Th\u00e9\u00e2tre Ados approche \u00e0 grand pas. Finales de la Ligue dimprovisation de la Rencontre Th\u00e9\u00e2tre Ados LIRTA <img decoding=\"async\" src=\"https:\/\/slidetodoc.com\/presentation_image\/3196033a198ab6b482491307a93a7983\/image-12.jpg\" alt=\"rta rencontre th\u00e9\u00e2tre-ados\" align=\"right\"> Jul 9, 2021 La Rencontre Th\u00e9\u00e2tre Ados RTA a remport\u00e9 le prix Citoyen de la culture Andr\u00e9e-Daigle, qui r\u00e9compense une initiative novatrice en mati\u00e8re Depuis sept ans d\u00e9j\u00e0, \u00e0 la Maison des arts, la Rencontre Th\u00e9\u00e2tre Ados \u00e9veille les adolescents au th\u00e9\u00e2tre et leur donne loccasion de se d\u00e9couvrir une.<\/p>\n","protected":false},"excerpt":{"rendered":"<p>Apr 14, 2014. \u00c7a serait \u00e7a; Samsara, sera pr\u00e9sent\u00e9e dans le cadre du Festival Rencontre Th\u00e9\u00e2tre Ados RTA, \u00e0 la Maison des arts de Laval La RTA fait exp\u00e9rimenter le th\u00e9\u00e2tre aux adolescents avec pour ultime objectif de favoriser leur d\u00e9veloppement personnel et leur int\u00e9r\u00eat pour la culture Nov 18, 2019 Impro BD ImproBD RTA [&hellip;]<\/p>\n","protected":false},"author":1,"featured_media":0,"comment_status":"closed","ping_status":"closed","sticky":false,"template":"","format":"standard","meta":{"footnotes":""},"categories":[],"tags":[],"class_list":["post-16547","post","type-post","status-publish","format-standard","hentry"],"_links":{"self":[{"href":"https:\/\/profeel.bzh\/wordpress\/wp-json\/wp\/v2\/posts\/16547","targetHints":{"allow":["GET"]}}],"collection":[{"href":"https:\/\/profeel.bzh\/wordpress\/wp-json\/wp\/v2\/posts"}],"about":[{"href":"https:\/\/profeel.bzh\/wordpress\/wp-json\/wp\/v2\/types\/post"}],"author":[{"embeddable":true,"href":"https:\/\/profeel.bzh\/wordpress\/wp-json\/wp\/v2\/users\/1"}],"replies":[{"embeddable":true,"href":"https:\/\/profeel.bzh\/wordpress\/wp-json\/wp\/v2\/comments?post=16547"}],"version-history":[{"count":0,"href":"https:\/\/profeel.bzh\/wordpress\/wp-json\/wp\/v2\/posts\/16547\/revisions"}],"wp:attachment":[{"href":"https:\/\/profeel.bzh\/wordpress\/wp-json\/wp\/v2\/media?parent=16547"}],"wp:term":[{"taxonomy":"category","embeddable":true,"href":"https:\/\/profeel.bzh\/wordpress\/wp-json\/wp\/v2\/categories?post=16547"},{"taxonomy":"post_tag","embeddable":true,"href":"https:\/\/profeel.bzh\/wordpress\/wp-json\/wp\/v2\/tags?post=16547"}],"curies":[{"name":"wp","href":"https:\/\/api.w.org\/{rel}","templated":true}]}}