{"id":1652,"date":"2022-11-29T08:12:08","date_gmt":"2022-11-29T08:12:08","guid":{"rendered":"https:\/\/profeel.bzh\/wordpress\/?p=1652"},"modified":"2022-11-29T08:12:08","modified_gmt":"2022-11-29T08:12:08","slug":"rencontres-internationales-de-la-photographie-arles-2011","status":"publish","type":"post","link":"https:\/\/profeel.bzh\/wordpress\/rencontres-internationales-de-la-photographie-arles-2011\/","title":{"rendered":"Rencontres internationales de la photographie arles 2011"},"content":{"rendered":"<p>Jul 3, 2017 Cest gr\u00e2ce \u00e0 Arles que je suis ministre de la Culture, \u00c0 Arles pour inaugurer les 48es Rencontres internationales de la photographie Jul 4, 2011 Les rencontres photographiques dArles ouvrent leurs portes ce lundi. De la photographie fran\u00e7aise et internationale, comme Willy Ronis Jun 16, 2011 Pr\u00e9curseur sil en est, Chris Marker, a tr\u00e8s t\u00f4t cherch\u00e9 \u00e0 utiliser la photographie de fa\u00e7on diff\u00e9rente: de La Jet\u00e9e \u00e0 Second Life, du banc-Fr\u00e2nturi de Paradis-Rencontres Internationales de photographies contemporaines. Juin 2011 Dipl\u00f4m\u00e9s 2011 de lENSP Espace Van Gogh-Arles Mai 2011 Jul 4, 2019 En 2011, lexposition manifeste From here on, reprenant des \u0153uvres cr\u00e9\u00e9es par les artistes \u00e0 partir dimages r\u00e9cup\u00e9r\u00e9es sur la toile Rencontres dArles 2011. Manifeste sign\u00e9 par les cinq commissaires de lexposition: Cl\u00e9ment Ch\u00e9roux, conservateur au Cabinet de la Photographie Apr 15, 2021 Chaque \u00e9t\u00e9, depuis cinquante ans, les Rencontres dArles saffirment comme un observatoire de la cr\u00e9ation actuelle et des pratiques Jul 11, 2011 Les Rencontres dArles 2011, qui se tiennent jusquau 18 septembre, offrent un formidable aper\u00e7u du dynamisme de la photographie mexicaine Intimate territories, Rencontres Internationales de la Photographie dArles, France. 2013 Kanak-Residence and exhibition at Centre culturel Tjibaou exhibition, Arles, Magasin \u00e9lectrique, 4 July-18 September 2011 De Rencontres internationales de la photographie <img decoding=\"async\" src=\"https:\/\/medias.gazette-drouot.com\/prod\/medias\/mediatheque\/34989.jpg\" alt=\"rencontres internationales de la photographie arles 2011\" align=\"right\"> Mar 23, 2011 Le 23 mars 2011, les salons du minist\u00e8re de la Culture et de la Communication ont accueilli. Des rencontres internationales en expansion Le jury du concours international darchitecture lanc\u00e9 par la Ville pour la r\u00e9alisation du futur Palais des Congr\u00e8s de N\u00eemes a s\u00e9lectionn\u00e9 un projet LA FERIA PASCALE \u00e0 ARLES. Du 21-04-2011 au 23-04-2011. 40e RENCONTRES INTERNATIONALES DE LA PHOTOGRAPHIE. Du 07-07-2011 au 12-07-2011 Pr\u00e9sentation. 42 Edition Les Rencontres Internationales de la Photographie. Depuis 42 ans, et gr\u00e2ce \u00e0 une programmation compos\u00e9e essentiellement de Jan 21, 2014 Le SEMINAIRE PHOTOGRAPHIQUE: MATHIEU PERNOT LE 30 janvier. La SFP sera pr\u00e9sente aux Rencontres dArles 2012 qui d\u00e9buteront au mois de <img decoding=\"async\" src=\"http:\/\/www.rpbiennial.com\/images\/dalibnieki\/eng\/23.jpg\" alt=\"rencontres internationales de la photographie arles 2011\" align=\"left\"> Sep 30, 2020 Fran\u00e7ois Tisseyre Stockholm par Ambroise T\u00e9zenas, Production: Diaphane, Atelier Ecoutezvoir Fr. 2010 Les Rencontres dArles 2013: Stages de <img decoding=\"async\" src=\"http:\/\/www.trendhustler.com\/wp-content\/uploads\/2011\/09\/DSC_0139.jpg\" alt=\"rencontres internationales de la photographie arles 2011\" align=\"right\"> Jun 25, 2013 Rencontres internationales de la photographie \u00e0 Arles-1975-02: 06-vid\u00e9o. Comme chaque ann\u00e9e depuis 1970, la photo saffiche sous toutes.<\/p>\n","protected":false},"excerpt":{"rendered":"<p>Jul 3, 2017 Cest gr\u00e2ce \u00e0 Arles que je suis ministre de la Culture, \u00c0 Arles pour inaugurer les 48es Rencontres internationales de la photographie Jul 4, 2011 Les rencontres photographiques dArles ouvrent leurs portes ce lundi. De la photographie fran\u00e7aise et internationale, comme Willy Ronis Jun 16, 2011 Pr\u00e9curseur sil en est, Chris Marker, [&hellip;]<\/p>\n","protected":false},"author":1,"featured_media":0,"comment_status":"closed","ping_status":"closed","sticky":false,"template":"","format":"standard","meta":{"footnotes":""},"categories":[],"tags":[],"class_list":["post-1652","post","type-post","status-publish","format-standard","hentry"],"_links":{"self":[{"href":"https:\/\/profeel.bzh\/wordpress\/wp-json\/wp\/v2\/posts\/1652","targetHints":{"allow":["GET"]}}],"collection":[{"href":"https:\/\/profeel.bzh\/wordpress\/wp-json\/wp\/v2\/posts"}],"about":[{"href":"https:\/\/profeel.bzh\/wordpress\/wp-json\/wp\/v2\/types\/post"}],"author":[{"embeddable":true,"href":"https:\/\/profeel.bzh\/wordpress\/wp-json\/wp\/v2\/users\/1"}],"replies":[{"embeddable":true,"href":"https:\/\/profeel.bzh\/wordpress\/wp-json\/wp\/v2\/comments?post=1652"}],"version-history":[{"count":0,"href":"https:\/\/profeel.bzh\/wordpress\/wp-json\/wp\/v2\/posts\/1652\/revisions"}],"wp:attachment":[{"href":"https:\/\/profeel.bzh\/wordpress\/wp-json\/wp\/v2\/media?parent=1652"}],"wp:term":[{"taxonomy":"category","embeddable":true,"href":"https:\/\/profeel.bzh\/wordpress\/wp-json\/wp\/v2\/categories?post=1652"},{"taxonomy":"post_tag","embeddable":true,"href":"https:\/\/profeel.bzh\/wordpress\/wp-json\/wp\/v2\/tags?post=1652"}],"curies":[{"name":"wp","href":"https:\/\/api.w.org\/{rel}","templated":true}]}}