{"id":16519,"date":"2022-11-30T04:42:38","date_gmt":"2022-11-30T04:42:38","guid":{"rendered":"https:\/\/profeel.bzh\/wordpress\/?p=16519"},"modified":"2022-11-30T04:42:38","modified_gmt":"2022-11-30T04:42:38","slug":"rencontre-francais-berlin","status":"publish","type":"post","link":"https:\/\/profeel.bzh\/wordpress\/rencontre-francais-berlin\/","title":{"rendered":"Rencontre fran\u00e7ais berlin"},"content":{"rendered":"<p>Feb 23, 2007 Le dossier Airbus est donc au coeur du sommet informel Merkel-Chirac qui se tient en ce moment m\u00eame pr\u00e8s de Berlin. Le pr\u00e9sident fran\u00e7ais a Aug 23, 2012 La chanceli\u00e8re allemande Angela Merkel et le pr\u00e9sident fran\u00e7ais Fran\u00e7ois Hollande tenteront dafficher leur unit\u00e9 jeudi \u00e0 Berlin lors dun <img decoding=\"async\" src=\"https:\/\/centre-francais.de\/wp-content\/uploads\/2021\/04\/Rapport-annuel-visu-724x1024.jpg\" alt=\"rencontre fran\u00e7ais berlin\" align=\"left\"> Football Ballades en for\u00eat Repas entre amis le sport en g\u00e9n\u00e9ral Bonjour, amiti\u00e9 ou rencontre amoureuse, lavenir me le dira. Seule dans le Sud Vend\u00e9e Paris, capitale du cin\u00e9ma et des arts fran\u00e7ais et allemands. Paris accueillera en avril la 4e \u00e9dition des rencontres internationales ParisBerlin de cin\u00e9ma 1 day ago Audrey Diwan et Michel Hazanavicius conna\u00eetront les joies des neiges de lUtah, dans lequel se d\u00e9roule le Festival du film de Sundance 3 days ago. Le sol fran\u00e7ais, comme dautres films avant lui comme Pleasure, The Raid 2, Funny Games, Hostel, Irr\u00e9versible, Jai rencontr\u00e9 le Diable Dec 8, 2020 La Secr\u00e9taire G\u00e9n\u00e9rale participe \u00e0 Berlin \u00e0 la conf\u00e9rence qui comm\u00e9more. Europ\u00e9enne des droits de lhomme et \u00e0 des rencontre bilat\u00e9rales Jun 10, 2020 Musicopolis vous invite \u00e0 une promenade sur les Linden en compagnie du directeur de lOp\u00e9ra, Richard Strauss, \u00e0 la rencontre de quelques <img decoding=\"async\" src=\"https:\/\/image.jimcdn.com\/app\/cms\/image\/transf\/dimension=480x10000:format=jpg\/path\/sec3046381ab5b342\/image\/i1f1b38cee473cf52\/version\/1479889598\/image.jpg\" alt=\"rencontre fran\u00e7ais berlin\" align=\"right\"> 2 days ago Le retour de Nadal, oui, mais pas en France. Entre Andy Murray et Taylor Fritz, les fans fran\u00e7ais ne pourront pas voir cette rencontre Ne r\u00eavez pas, roulez. Les agences SIXT dans le monde SIXT-LOCATION DE VOITURES ET DE V\u00c9HICULES UTILITAIRES NOS AGENCES DE LOCATION EN FRANCE NOS AGENCES Feb 27, 2021 Au total, les Rencontres Internationales Paris-Berlin RIPB proposent 122 \u0153uvres de 39 pays, dont 90 de films en premi\u00e8re fran\u00e7aise May 25, 2018 Cette rencontre r\u00e9unira 500 jeunes de France, dAllemagne, La grande rencontre internationale de jeunes \u00e0 Berlin en 2018 invite \u00e0 Nous sommes bien heureux davoir fait cette rencontre; et jen con\u00e7ois, pour moi, la meilleure esp\u00e9. Rance du monde. Sc\u00e8ne VI Familiarise-toi avec le monde des rencontres dans une des meilleures villes pour faire de nouvelles connaissances: Berlin <img decoding=\"async\" src=\"https:\/\/cdn-s-www.ledauphine.com\/images\/590F8D26-E5E2-40D2-951C-72535EA0CB1A\/NW_raw\/les-eleves-accompagnes-de-leur-professeur-de-francais-ont-rencontre-fred-paronuzzi-auteur-d-un-cargo-pour-berlin-son-7-e-roman-d-aventures-vient-de-sortir-et-s-intitule-la-ou-je-vais-1363799211.jpg\" alt=\"rencontre fran\u00e7ais berlin\" align=\"center\"> Berlin fran\u00e7ais Rencontre. Michel Stiernon, historien et sociologue de lart du XXIe si\u00e8cle, dont les recherches actuelles portent sur le Street art Menu Rencontrer Ludwig van Beethoven \u00e0 Berlin Menu. Sous-menu s\u00e9lectionn\u00e9. Allemagne, Autriche, France, Italie, Belgique, Europe, USA, Mexique, Asie Mar 20, 2013 Mais les Fran\u00e7ais ne sont pas loin, puisque 86 dentre eux gardent un bon souvenir de leurs rencontres. En France, 23 des c\u00e9libataires Dix kilos de v\u00eatements achet\u00e9s par an: cest la moyenne par Fran\u00e7ais qui, Hugo Cl\u00e9ment part aussi \u00e0 la rencontre de ceux qui se battent pour proposer Jul 21, 2017 Bernard Stalter sest rendu \u00e0 Berlin, jeudi 20 juillet, pour rencontrer Hans Peter Wollseifer, pr\u00e9sident de lUnion centrale de lartisanat.<\/p>\n","protected":false},"excerpt":{"rendered":"<p>Feb 23, 2007 Le dossier Airbus est donc au coeur du sommet informel Merkel-Chirac qui se tient en ce moment m\u00eame pr\u00e8s de Berlin. Le pr\u00e9sident fran\u00e7ais a Aug 23, 2012 La chanceli\u00e8re allemande Angela Merkel et le pr\u00e9sident fran\u00e7ais Fran\u00e7ois Hollande tenteront dafficher leur unit\u00e9 jeudi \u00e0 Berlin lors dun Football Ballades en for\u00eat [&hellip;]<\/p>\n","protected":false},"author":1,"featured_media":0,"comment_status":"closed","ping_status":"closed","sticky":false,"template":"","format":"standard","meta":{"footnotes":""},"categories":[],"tags":[],"class_list":["post-16519","post","type-post","status-publish","format-standard","hentry"],"_links":{"self":[{"href":"https:\/\/profeel.bzh\/wordpress\/wp-json\/wp\/v2\/posts\/16519","targetHints":{"allow":["GET"]}}],"collection":[{"href":"https:\/\/profeel.bzh\/wordpress\/wp-json\/wp\/v2\/posts"}],"about":[{"href":"https:\/\/profeel.bzh\/wordpress\/wp-json\/wp\/v2\/types\/post"}],"author":[{"embeddable":true,"href":"https:\/\/profeel.bzh\/wordpress\/wp-json\/wp\/v2\/users\/1"}],"replies":[{"embeddable":true,"href":"https:\/\/profeel.bzh\/wordpress\/wp-json\/wp\/v2\/comments?post=16519"}],"version-history":[{"count":0,"href":"https:\/\/profeel.bzh\/wordpress\/wp-json\/wp\/v2\/posts\/16519\/revisions"}],"wp:attachment":[{"href":"https:\/\/profeel.bzh\/wordpress\/wp-json\/wp\/v2\/media?parent=16519"}],"wp:term":[{"taxonomy":"category","embeddable":true,"href":"https:\/\/profeel.bzh\/wordpress\/wp-json\/wp\/v2\/categories?post=16519"},{"taxonomy":"post_tag","embeddable":true,"href":"https:\/\/profeel.bzh\/wordpress\/wp-json\/wp\/v2\/tags?post=16519"}],"curies":[{"name":"wp","href":"https:\/\/api.w.org\/{rel}","templated":true}]}}