{"id":1651,"date":"2022-11-29T08:12:08","date_gmt":"2022-11-29T08:12:08","guid":{"rendered":"https:\/\/profeel.bzh\/wordpress\/?p=1651"},"modified":"2022-11-29T08:12:08","modified_gmt":"2022-11-29T08:12:08","slug":"rencontre-marocaine","status":"publish","type":"post","link":"https:\/\/profeel.bzh\/wordpress\/rencontre-marocaine\/","title":{"rendered":"Rencontre marocaine"},"content":{"rendered":"<p>2 days ago. Dune rencontre entre la ministre de lEconomie et des finances, Nadia Fettah Alaoui et la pr\u00e9sidente de lAutorit\u00e9 Marocaine du March\u00e9 Jan 10, 2020 La Rencontre des chefs de gouvernement fran\u00e7ais et marocain, le 19 d\u00e9cembre dernier \u00e0 Paris, a permis la signature de nouveaux accords de Feb 11, 2020 En marge de la 14\u00e8me Rencontre de Haut Niveau Franco-marocaine \u00e0 Paris, une c\u00e9r\u00e9monie de signature de partenariats entre Le Cnam et les 2 days ago Rencontre SGEM-Soci\u00e9t\u00e9 Financi\u00e8re Internationale. De 30 milliards de dollars suppl\u00e9mentaires de PIB pour le Maroc \u00e0 horizon 2025 <img decoding=\"async\" src=\"http:\/\/www.mapexpress.ma\/wp-content\/uploads\/2019\/10\/sev.jpg\" alt=\"rencontre marocaine\" align=\"right\"> 7 days ago Ce sera un match difficile. Une rencontre derby, dira Madjid Bougherra lors du point de presse anim\u00e9 hier. La mission des Verts sera encore Nov 26, 2021 page daccueil MAP, agence marocaine de presse proposant linfo M. Mezzour \u00e0 la rencontre des industriels pharmaceutiques du Maroc Actuellement \u00e9tudiant en Master \u00e0 lUniversit\u00e9 de Lille, S\u00e9kou Oumar SYLLA a remport\u00e9 le Prix des jeunes. Luniversit\u00e9 \u00e0 la rencontre des parents des lyc\u00e9ens <img decoding=\"async\" src=\"http:\/\/www.lehlel.com\/images\/femme2.jpg\" alt=\"rencontre marocaine\" align=\"right\"> 4 days ago LANAPEC organise une rencontre en vue de la promotion du partenariat. Entre lANAPEC et la F\u00e9d\u00e9ration marocaine de lexternalisation des 6 days ago Cette rencontre, finale avant lheure comme la presse la baptis\u00e9e-rev\u00eatait forc\u00e9ment une dimension politique dans un contexte r\u00e9gional <img decoding=\"async\" src=\"https:\/\/www.azimut-voyage.fr\/wp-content\/uploads\/2015\/08\/entre-atlas-et-ocean-en-famille-7.jpg\" alt=\"rencontre marocaine\" align=\"center\"> Nov 26, 2021 Le ministre de lIndustrie et du Commerce, Ryad Mezzour et les membres de la F\u00e9d\u00e9ration Marocaine de lIndustrie et de lInnovation Il est d\u00e9livr\u00e9 sans condition d\u00e2ge \u00e0 tout citoyen marocain qui en fait la demande. Lire plus. Une rencontre tr\u00e8s riche avec nos compatriotes D\u00e9couvrez les annonces de rencontres et faites-vous de nouveaux amis au Maroc. Publiez gratuitement votre annonce si vous souhaitez rencontrer du monde Feb 20, 2018 La preuve en 17 particularit\u00e9s de mariage qui illustrent ce grand moment de la vie des marocains Musique 1. La rencontre des familles. L Feb 14, 2017 Le consul g\u00e9n\u00e9ral du Royaume du Maroc \u00e0 Orl\u00e9ans Loiret explique lobjet de son r\u00e9cent d\u00e9placement \u00e0 la salle Gaston-Cout\u00e9 de Ch\u00e2teaudun Sites de rencontres au Maroc, Conseils pratiques de communication en vue dun mariage mixte. Je vais parler ici de diff\u00e9rents sites internet s\u00e9rieux.<\/p>\n","protected":false},"excerpt":{"rendered":"<p>2 days ago. Dune rencontre entre la ministre de lEconomie et des finances, Nadia Fettah Alaoui et la pr\u00e9sidente de lAutorit\u00e9 Marocaine du March\u00e9 Jan 10, 2020 La Rencontre des chefs de gouvernement fran\u00e7ais et marocain, le 19 d\u00e9cembre dernier \u00e0 Paris, a permis la signature de nouveaux accords de Feb 11, 2020 En marge [&hellip;]<\/p>\n","protected":false},"author":1,"featured_media":0,"comment_status":"closed","ping_status":"closed","sticky":false,"template":"","format":"standard","meta":{"footnotes":""},"categories":[],"tags":[],"class_list":["post-1651","post","type-post","status-publish","format-standard","hentry"],"_links":{"self":[{"href":"https:\/\/profeel.bzh\/wordpress\/wp-json\/wp\/v2\/posts\/1651","targetHints":{"allow":["GET"]}}],"collection":[{"href":"https:\/\/profeel.bzh\/wordpress\/wp-json\/wp\/v2\/posts"}],"about":[{"href":"https:\/\/profeel.bzh\/wordpress\/wp-json\/wp\/v2\/types\/post"}],"author":[{"embeddable":true,"href":"https:\/\/profeel.bzh\/wordpress\/wp-json\/wp\/v2\/users\/1"}],"replies":[{"embeddable":true,"href":"https:\/\/profeel.bzh\/wordpress\/wp-json\/wp\/v2\/comments?post=1651"}],"version-history":[{"count":0,"href":"https:\/\/profeel.bzh\/wordpress\/wp-json\/wp\/v2\/posts\/1651\/revisions"}],"wp:attachment":[{"href":"https:\/\/profeel.bzh\/wordpress\/wp-json\/wp\/v2\/media?parent=1651"}],"wp:term":[{"taxonomy":"category","embeddable":true,"href":"https:\/\/profeel.bzh\/wordpress\/wp-json\/wp\/v2\/categories?post=1651"},{"taxonomy":"post_tag","embeddable":true,"href":"https:\/\/profeel.bzh\/wordpress\/wp-json\/wp\/v2\/tags?post=1651"}],"curies":[{"name":"wp","href":"https:\/\/api.w.org\/{rel}","templated":true}]}}