{"id":16487,"date":"2022-11-30T04:40:03","date_gmt":"2022-11-30T04:40:03","guid":{"rendered":"https:\/\/profeel.bzh\/wordpress\/?p=16487"},"modified":"2022-11-30T04:40:03","modified_gmt":"2022-11-30T04:40:03","slug":"le-parisien-rencontre","status":"publish","type":"post","link":"https:\/\/profeel.bzh\/wordpress\/le-parisien-rencontre\/","title":{"rendered":"Le parisien rencontre"},"content":{"rendered":"<p>Olydea-R\u00e9sidence Les Hameaux de Camargue: belle rencontre le parisien le marseillais et le lyonnais-consultez 111 avis de voyageurs, 82 photos Nov 10, 2021 Dimanche 14 novembre \u00e0 15h30, le Paris FC rencontrera le CS Sedan-Ardennes National au Stade Louis Dugauguez dans le cadre du 7e tour de Mar 29, 2016 Article de presse: Le Parisien-29 Mars 2016-Rencontre avec David GRAIZ, Actuaire, Directeur de mission chez Forsides France 16 hours ago Le d\u00e9fenseur espagnol de 35 ans, en d\u00e9licatesse avec son mollet gauche apr\u00e8s la rencontre dans le Forez, a pu encha\u00eener un deuxi\u00e8me 1 day ago Avant cette rencontre, le pr\u00e9sident Pierre Ferracci sest exprim\u00e9 dans Le Parisien, et sait que la priorit\u00e9 reste tout de m\u00eame la mont\u00e9e en Nov 25, 2021 Entre Paris et Zidane, la premi\u00e8re rencontre date des pr\u00e9mices de l\u00e9t\u00e9 2021. Un contact pas forc\u00e9ment tr\u00e8s fructueux, mais un contact quand 10 hours ago Le speaker du stade, accompagn\u00e9 du pr\u00e9sident du Paris FC, Pierre Ferracci, a annonc\u00e9 vers 22h50 quen accord avec les autorit\u00e9s la rencontre ne 2 hours ago Le speaker du stade, accompagn\u00e9 du pr\u00e9sident du Paris FC, Pierre Ferracci, a annonc\u00e9 vers 22h50 quen accord avec les autorit\u00e9s la rencontre ne 22 hours ago Wijnaldum, le milieu de terrain parisien, a rencontr\u00e9 les enfants malades de lh\u00f4pital Necker D. R Rencontre avec Philippe Bouyssou, Maire d Ivry-sur-Seine et les journalistes de France 3 et Le Parisien, autour du d\u00e9blaiement du d\u00e9p\u00f4t sauvage dans le <img decoding=\"async\" src=\"https:\/\/www.leparisien.fr\/resizer\/M7Rr5HxFgJbfk3izBS_KYVlj7fA=\/932x582\/cloudfront-eu-central-1.images.arcpublishing.com\/leparisien\/DKZUXDNGQJCXXDEDEPX3NFBDZM.jpg\" alt=\"le parisien rencontre\" align=\"right\"> 3 PV 2020: Suite \u00e0 la crise sanitaire, les mois de Mars, Avril, Mai et Juin ne sont pas pris en compte dans le calcul de la moyenne. De plus, la p\u00e9riode de Le Parisien \u00e0 la rencontre des Fran\u00e7ais \u00e0 bord dun van. L\u00e9lection de Donald Trump aux Etats-Unis a cr\u00e9\u00e9 un \u00e9lectrochoc dans de nombreux m\u00e9dias 1 day ago Avant cette rencontre, le pr\u00e9sident Pierre Ferracci sest exprim\u00e9 dans Le Parisien, et sait que la priorit\u00e9 reste tout de m\u00eame la mont\u00e9e en 11 hours ago Les bouteilles en plastique seront d\u00e9sormais interdites dans lenceinte des stades, au plus tard au 1er juillet 2022. Des supporters lyonnais <img decoding=\"async\" src=\"https:\/\/www.leparisien.fr\/resizer\/5dtll6x3yVdF1h_BMZIhF9jh4iU=\/932x582\/cloudfront-eu-central-1.images.arcpublishing.com\/leparisien\/EKNXC3KWP5EZRAT6RC7VEYO4HM.jpg\" alt=\"le parisien rencontre\" align=\"center\"> Jun 5, 2021 Faire la f\u00eate, rencontrer lamour: apr\u00e8s la troisi\u00e8me vague de. Lorsque le jardin Tino Rossi Paris, Ve se transformait en piste de 9 hours ago Bienvenue sur la page Facebook du Parisien Aujourdhui en France LEPARISIEN. FR. La rencontre Paris FC-Lyon arr\u00eat\u00e9e apr\u00e8s des heurts en tribunes 10 hours ago La rencontre de Coupe de France entre le Paris-FC et Lyon a \u00e9t\u00e9. Du stade parisien de Charl\u00e9ty, accompagn\u00e9 du pr\u00e9sident du Paris FC <img decoding=\"async\" src=\"https:\/\/www.leparisien.fr\/resizer\/xU_dWgfYEORFHJoe9Gau6Teni1U=\/932x582\/cloudfront-eu-central-1.images.arcpublishing.com\/leparisien\/UAOMMP2GA5DRLCTAFT7UCQWE5Q.jpg\" alt=\"le parisien rencontre\" align=\"left\"> 9 hours ago Paris-Trois semaines apr\u00e8s larr\u00eat d\u00e9finitif du match de Ligue 1 Lyon-Marseille, cest la rencontre de 32e de finale de Coupe de France la rencontre, in\u00e9dite, entre des \u0153uvres de la collection du Fonds dart contemporain-Paris Collections et le grand public, Parisiennes et Parisiens Jen ai rencontr\u00e9 un autre. Un tr\u00e8s-fort. Qui sest propos\u00e9 de lui-m\u00eame. Et ce fameux docteur. Le voil\u00e0. Une des portes du fond 10 hours ago BIS REPETITA-Alors que les deux \u00e9quipes \u00e9taient \u00e0 \u00e9galit\u00e9 1-1, la rencontre de 32e de finale de Coupe de France a \u00e9t\u00e9 arr\u00eat\u00e9 5 hours ago Retrouvez toute lactualit\u00e9 du Foot, matches de Ligue 1, Ligue des. Coupe de France: la rencontre Paris FC-Lyon d\u00e9finitivement arr\u00eat\u00e9e apr\u00e8s des Nov 9, 2021 Le Paris Saint-Germain a largement battu le Real Madrid ce mardi 9. Gerard vient \u00e0 la rencontre de lattaquante mais elle se fait Lacteur britannique Tom Holland est actuellement \u00e0 Paris pour la promotion de son prochain film Spider-Man: No Way Home, dont la sortie est pr\u00e9vue le 16 Feb 14, 2020 Selon la derni\u00e8re grande \u00e9tude sur ce th\u00e8me, lobservatoire 2018 de la rencontre en ligne men\u00e9 par lIfop pour le comparateur de sites de.<\/p>\n","protected":false},"excerpt":{"rendered":"<p>Olydea-R\u00e9sidence Les Hameaux de Camargue: belle rencontre le parisien le marseillais et le lyonnais-consultez 111 avis de voyageurs, 82 photos Nov 10, 2021 Dimanche 14 novembre \u00e0 15h30, le Paris FC rencontrera le CS Sedan-Ardennes National au Stade Louis Dugauguez dans le cadre du 7e tour de Mar 29, 2016 Article de presse: Le Parisien-29 [&hellip;]<\/p>\n","protected":false},"author":1,"featured_media":0,"comment_status":"closed","ping_status":"closed","sticky":false,"template":"","format":"standard","meta":{"footnotes":""},"categories":[],"tags":[],"class_list":["post-16487","post","type-post","status-publish","format-standard","hentry"],"_links":{"self":[{"href":"https:\/\/profeel.bzh\/wordpress\/wp-json\/wp\/v2\/posts\/16487","targetHints":{"allow":["GET"]}}],"collection":[{"href":"https:\/\/profeel.bzh\/wordpress\/wp-json\/wp\/v2\/posts"}],"about":[{"href":"https:\/\/profeel.bzh\/wordpress\/wp-json\/wp\/v2\/types\/post"}],"author":[{"embeddable":true,"href":"https:\/\/profeel.bzh\/wordpress\/wp-json\/wp\/v2\/users\/1"}],"replies":[{"embeddable":true,"href":"https:\/\/profeel.bzh\/wordpress\/wp-json\/wp\/v2\/comments?post=16487"}],"version-history":[{"count":0,"href":"https:\/\/profeel.bzh\/wordpress\/wp-json\/wp\/v2\/posts\/16487\/revisions"}],"wp:attachment":[{"href":"https:\/\/profeel.bzh\/wordpress\/wp-json\/wp\/v2\/media?parent=16487"}],"wp:term":[{"taxonomy":"category","embeddable":true,"href":"https:\/\/profeel.bzh\/wordpress\/wp-json\/wp\/v2\/categories?post=16487"},{"taxonomy":"post_tag","embeddable":true,"href":"https:\/\/profeel.bzh\/wordpress\/wp-json\/wp\/v2\/tags?post=16487"}],"curies":[{"name":"wp","href":"https:\/\/api.w.org\/{rel}","templated":true}]}}