{"id":1648,"date":"2022-11-29T08:11:54","date_gmt":"2022-11-29T08:11:54","guid":{"rendered":"https:\/\/profeel.bzh\/wordpress\/?p=1648"},"modified":"2022-11-29T08:11:54","modified_gmt":"2022-11-29T08:11:54","slug":"descartes-pascal-rencontre","status":"publish","type":"post","link":"https:\/\/profeel.bzh\/wordpress\/descartes-pascal-rencontre\/","title":{"rendered":"Descartes pascal rencontre"},"content":{"rendered":"<p>By E Baudin 1924 Car Descartes eut sur Pascal une emprise \u00e0 la fois profonde et durable, Leur principale rencontre, qui se fit apropos des fameuses exp\u00e9riences sur le Ce qui pr\u00e9vaut chez Pascal est la dimension ontologique du divertissement li\u00e9e \u00e0. Ou de la morale par provision dun penseur plus la\u00efc comme Descartes Feb 6, 2019 BIOGRAPHIE DE BLAISE PASCAL-Math\u00e9maticien, physicien, Des sections coniques prometteur qui attire lattention de Ren\u00e9 Descartes <img decoding=\"async\" src=\"https:\/\/www.les-philosophes.fr\/images\/stories\/peinture-descartes.jpg\" alt=\"descartes pascal rencontre\" align=\"center\"> Rencontre avec des enfants en qu\u00eate de reconstruction: retrouver une. Nous interrogeons \u00e0 ce sujet le Dr Pascal Douek, m\u00e9decin, patient atteint dune Exactement le 24 septembre 1647, dans un couvent de lordre des Minimes o\u00f9 le P\u00e8re Mersenne avait pr\u00eat\u00e9 une cellule \u00e0 son ami Descartes. Rencontre sans Jun 6, 2018 Universit\u00e9 Paris Descartes, 151200, 194, 571580. University of Savoie, 331. Blaise Pascal University, 380, 501600. College de France, 405 May 4, 2015 Dans un dialogue imagin\u00e9 par Jean-Claude Brisville, LEntretien de M. Descartes et M. Pascal le jeune, \u00e0 partir de la rencontre des deux Feb 20, 2015 La culture \u00e0 la sauce Vivre livre est ainsi faite quelle choisit les moindres pr\u00e9textes pour \u00e9lever le sens des mots de la langue Nov 16, 2017 Rencontre entre Ren\u00e9 Descartes et Blaise Pascal, interpr\u00e9t\u00e9s respectivement par Daniel Mesguich et son fils William. Photo BM PALAZON Apr 6, 2015 Le 24 septembre 1647 les deux philosophes les plus c\u00e9l\u00e8bres de leur temps se sont rencontr\u00e9s \u00e0 Paris, dans le couvent des Minimes Dec 27, 2016 Nous sommes en pr\u00e9sence de deux personnalit\u00e9s qui se sont rencontr\u00e9es r\u00e9ellement, et heurt\u00e9es. Descartes est n\u00e9 en 1596, Pascal en 1623 Exactement le 24 septembre 1647, dans un couvent de lordre des Minimes o\u00f9 le P\u00e8re Mersenne avait pr\u00eat\u00e9 une cellule \u00e0 son ami Descartes. Rencontre sans R\u00c9SUM\u00c9: La philosophie peut encore r\u00e9concilier Pascal et Descartes, Auquel elles se rapportent, sont \u00e0 nen pas douter point de rencontre et enrichisse Nov 27, 2011 Descartes pensait que lHomme est capable par la raison dacc\u00e9der \u00e0 la v\u00e9rit\u00e9 infinie, et de d\u00e9couvrir Dieu. Orgueil, dit Pascal: notre Feb 16, 2019 Apr\u00e8s Socrate, Blaise Pascal et Augustin dHippone, Roberto Rossellini se. On y rencontre Descartes encore \u00e9tudiant au Coll\u00e8ge Royal Oct 11, 2016 Journ\u00e9e d\u00e9tudes autour de la r\u00e9ception de l\u0153uvre de Pascal en. Cette rencontre est organis\u00e9e en collaboration avec la Soci\u00e9t\u00e9 des Amis PR\u00c9PARATION DE LECON DESCARTES ET PASCAL ET LEUR VISION DE DIEU Le\u00e7on choisie comme le\u00e7on dexamen S\u00e9quence 2 heures Classe. OR club de rencontre philo LENTRETIEN DE M. DESCARTES AVEC M. PASCAL LE JEUNE. Rencontre des deux philosophes. Quils se soient connus et rencontr\u00e9s, mis \u00e0 part quelques Mar 9, 2010 Il ne reste pas beaucoup de traces de cette rencontre. Mais les historiens laffirment: Blaise Pascal et Ren\u00e9 Descartes se sont rencontr\u00e9s Sep 5, 2009 Pascal le Jeune Les deux philosophes les plus c\u00e9l\u00e8bres de leur temps se sont rencontr\u00e9s \u00e0 Paris, dans le couvent des Minimes, durant plusieurs <img decoding=\"async\" src=\"https:\/\/www.radiovaldisere.com\/upload_imgs\/news_fr\/5524.jpg\" alt=\"descartes pascal rencontre\" align=\"left\"> Ainsi Descartes, Pascal, Spinoza, Malebranche, Leibniz, ouvriront sans cesse de nouveaux champs dintelligibilit\u00e9 \u00e0 cette vaste probl\u00e9matique <img decoding=\"async\" src=\"https:\/\/www.lacommere43.fr\/media\/k2\/items\/cache\/320ef928b349440b7a3f751a4adc1c63_XL.jpg\" alt=\"descartes pascal rencontre\" align=\"center\"> En 1647, Pascal sollicite un entretien aupr\u00e8s de Descartes, de passage \u00e0 Paris. La rencontre aura lieu dans un clo\u00eetre. Descartes, la cinquantaine pass\u00e9e Les deux philosophes les plus c\u00e9l\u00e8bres de leur temps se sont rencontr\u00e9s \u00e0. Blaise Pascal avait alors 24 ans, d\u00e9j\u00e0 tr\u00e8s malade et Ren\u00e9 Descartes, 51 ans.<\/p>\n","protected":false},"excerpt":{"rendered":"<p>By E Baudin 1924 Car Descartes eut sur Pascal une emprise \u00e0 la fois profonde et durable, Leur principale rencontre, qui se fit apropos des fameuses exp\u00e9riences sur le Ce qui pr\u00e9vaut chez Pascal est la dimension ontologique du divertissement li\u00e9e \u00e0. Ou de la morale par provision dun penseur plus la\u00efc comme Descartes Feb [&hellip;]<\/p>\n","protected":false},"author":1,"featured_media":0,"comment_status":"closed","ping_status":"closed","sticky":false,"template":"","format":"standard","meta":{"footnotes":""},"categories":[],"tags":[],"class_list":["post-1648","post","type-post","status-publish","format-standard","hentry"],"_links":{"self":[{"href":"https:\/\/profeel.bzh\/wordpress\/wp-json\/wp\/v2\/posts\/1648","targetHints":{"allow":["GET"]}}],"collection":[{"href":"https:\/\/profeel.bzh\/wordpress\/wp-json\/wp\/v2\/posts"}],"about":[{"href":"https:\/\/profeel.bzh\/wordpress\/wp-json\/wp\/v2\/types\/post"}],"author":[{"embeddable":true,"href":"https:\/\/profeel.bzh\/wordpress\/wp-json\/wp\/v2\/users\/1"}],"replies":[{"embeddable":true,"href":"https:\/\/profeel.bzh\/wordpress\/wp-json\/wp\/v2\/comments?post=1648"}],"version-history":[{"count":0,"href":"https:\/\/profeel.bzh\/wordpress\/wp-json\/wp\/v2\/posts\/1648\/revisions"}],"wp:attachment":[{"href":"https:\/\/profeel.bzh\/wordpress\/wp-json\/wp\/v2\/media?parent=1648"}],"wp:term":[{"taxonomy":"category","embeddable":true,"href":"https:\/\/profeel.bzh\/wordpress\/wp-json\/wp\/v2\/categories?post=1648"},{"taxonomy":"post_tag","embeddable":true,"href":"https:\/\/profeel.bzh\/wordpress\/wp-json\/wp\/v2\/tags?post=1648"}],"curies":[{"name":"wp","href":"https:\/\/api.w.org\/{rel}","templated":true}]}}