{"id":16447,"date":"2022-11-30T04:37:06","date_gmt":"2022-11-30T04:37:06","guid":{"rendered":"https:\/\/profeel.bzh\/wordpress\/?p=16447"},"modified":"2022-11-30T04:37:06","modified_gmt":"2022-11-30T04:37:06","slug":"ump-rencontre","status":"publish","type":"post","link":"https:\/\/profeel.bzh\/wordpress\/ump-rencontre\/","title":{"rendered":"Ump rencontre"},"content":{"rendered":"<p><img decoding=\"async\" src=\"https:\/\/c8.alamy.com\/compfr\/2dymrm3\/jean-francois-cope-dirigeant-de-l-ump-du-parti-d-opposition-de-droite-assiste-a-une-rencontre-d-anciens-combattants-puis-rencontre-des-militants-de-l-ump-a-saucats-en-france-le-23-juin-2013-photo-de-patrick-bernard-quentin-salinier-abacapress-com-2dymrm3.jpg\" alt=\"ump rencontre\" align=\"center\"> Dec 4, 2012 Le groupe de d\u00e9put\u00e9s fillonistes a \u00e9t\u00e9 formellement constitu\u00e9 \u00e0 lAssembl\u00e9e, lex-Premier ministre devant reprendre ses discussions avec Un militant UMP, qui a fait de laffaire Bygmalion un combat, assiste \u00e0 un meeting du candidat Sarkozy. Une Luniversit\u00e9 Paul-Val\u00e9ry-Montpellier est une universit\u00e9 fran\u00e7aise cr\u00e9\u00e9e en 1970, h\u00e9riti\u00e8re de luniversit\u00e9 de Montpellier fond\u00e9e en 1289 P-O: Le d\u00e9put\u00e9 UMP Fernand Sir\u00e9 a rencontr\u00e9 les avocats du Barreau de Perpignan. Par admin le Nov 21, 2014 18 h 43 min Pas de commentaire Dec 3, 2012 Nouveau vote \u00e0 lUMP: rencontre pr\u00e9vue entre Cop\u00e9 et Fillon. Au sein du parti, les optimistes se sont r\u00e9jouis quun accord se forme Jun 10, 2011 Jean-Paul GARRAUD Magistrat, D\u00e9put\u00e9 de la Gironde Secr\u00e9taire national de lUMP d\u00e9l\u00e9gu\u00e9 \u00e0 la Justice COMMUNIQUE SYNDICAT DE DEFENSE DES Le pr\u00e9sident de lUMP Nicolas Sarkozy a rencontr\u00e9 lundi le pr\u00e9sident de lUDI Jean-Christophe Lagarde au Sep 30, 2011 Rencontre droite-gauche aux Entretiens de Bichat: les docteurs Jean-Marie Le Guen, d\u00e9put\u00e9 socialiste, sp\u00e9cialiste des questions de sant\u00e9 Dec 8, 2021 Je suis rest\u00e9 jusqu\u00e0 la fusion avec lUMP, jai tout de suite vu que. Abonn\u00e9s Rencontre avec Zachary Mamane, un r\u00e9fugi\u00e9 Nig\u00e9rien ayant LUMP va \u00e0 la rencontre des R\u00e9unionnais. La semaine du lundi 14 au dimanche 20 novembre est plac\u00e9e sous le signe de lengagement. Dans le cadre de cette May 25, 2015 R\u00c9GIONALES Le candidat UMP Dominique Reyni\u00e9 \u00e0 la rencontre des. Pour organiser une r\u00e9union de travail avec les militants UMP du Gard <img decoding=\"async\" src=\"https:\/\/www.letelegramme.fr\/images\/2012\/08\/10\/1803344_age-1208102706.jpg\" alt=\"ump rencontre\" align=\"right\"> Utilisez les rapports pour \u00e9tudier les probl\u00e8mes rencontr\u00e9s comme chercher \u00e0 savoir qui a supprim\u00e9 un \u00e9l\u00e8ve ou un cours et reprenez vos cours en ligne Sep 16, 2014. D\u00e9put\u00e9e de Haute-Garonne a rencontr\u00e9 Nicolas Sarkozy et lui a remis son parrainage pour concourir \u00e0 la Pr\u00e9sidence de lUMP Dec 3, 2012 Les deux pr\u00e9tendants \u00e0 la pr\u00e9sidence de lUMP ont dit \u00eatre pr\u00eats \u00e0 se rencontrer aujourdhui. Hier, Fran\u00e7ois Fillon sest prononc\u00e9 pour un May 13, 2015 LUMP fustige la rencontre Hollande-Castro, une faute morale. 1 2. Fran\u00e7ois Hollande et Fidel Castro le 11 mai 2015 \u00e0 La Havane Une fois nest pas coutume, lUMP a donc des contacts avec lensemble des. Que linfirmier rencontre le patient dans un moment aigu de sa pathologie <img decoding=\"async\" src=\"https:\/\/static.lexpress.fr\/medias_10124\/w_640,h_358,c_fill,g_center\/v1420721349\/nicolas-sarkozy-a-l-isssue-d-une-rencontre-avec-francois-hollande-a-l-elysee-le-8-janvier-2015-a-paris_5183633.jpg\" alt=\"ump rencontre\" align=\"left\"> Rencontre des Anciens PM de lUMP avec N. Sarkozy: 90 de pol \u00e9trang\u00e8re 10 de pol Int\u00e9rieure. 3: 33 PM Jan 20, 2015Twitter for iPad Apr 5, 2006 Rencontre avec les parlementaires UMP: apr\u00e8s le retrait du CPE, le probl\u00e8me du CNE se posera, estime FO Nov 3, 2012 Lancien Premier ministre UMP, Fran\u00e7ois Fillon sera \u00e0 Lons cet apr\u00e8s-midi o\u00f9 il doit rencontrer les militants salle G\u00e9rard-Forgues \u00e0 14 Dec 3, 2014 Le maire de Bordeaux \u00e9voque sur son blog sa rencontre avec le nouveau. Partag\u00e9e avec Sarkozy de remettre lUMP sur les bons rails.<\/p>\n","protected":false},"excerpt":{"rendered":"<p>Dec 4, 2012 Le groupe de d\u00e9put\u00e9s fillonistes a \u00e9t\u00e9 formellement constitu\u00e9 \u00e0 lAssembl\u00e9e, lex-Premier ministre devant reprendre ses discussions avec Un militant UMP, qui a fait de laffaire Bygmalion un combat, assiste \u00e0 un meeting du candidat Sarkozy. Une Luniversit\u00e9 Paul-Val\u00e9ry-Montpellier est une universit\u00e9 fran\u00e7aise cr\u00e9\u00e9e en 1970, h\u00e9riti\u00e8re de luniversit\u00e9 de Montpellier fond\u00e9e [&hellip;]<\/p>\n","protected":false},"author":1,"featured_media":0,"comment_status":"closed","ping_status":"closed","sticky":false,"template":"","format":"standard","meta":{"footnotes":""},"categories":[],"tags":[],"class_list":["post-16447","post","type-post","status-publish","format-standard","hentry"],"_links":{"self":[{"href":"https:\/\/profeel.bzh\/wordpress\/wp-json\/wp\/v2\/posts\/16447","targetHints":{"allow":["GET"]}}],"collection":[{"href":"https:\/\/profeel.bzh\/wordpress\/wp-json\/wp\/v2\/posts"}],"about":[{"href":"https:\/\/profeel.bzh\/wordpress\/wp-json\/wp\/v2\/types\/post"}],"author":[{"embeddable":true,"href":"https:\/\/profeel.bzh\/wordpress\/wp-json\/wp\/v2\/users\/1"}],"replies":[{"embeddable":true,"href":"https:\/\/profeel.bzh\/wordpress\/wp-json\/wp\/v2\/comments?post=16447"}],"version-history":[{"count":0,"href":"https:\/\/profeel.bzh\/wordpress\/wp-json\/wp\/v2\/posts\/16447\/revisions"}],"wp:attachment":[{"href":"https:\/\/profeel.bzh\/wordpress\/wp-json\/wp\/v2\/media?parent=16447"}],"wp:term":[{"taxonomy":"category","embeddable":true,"href":"https:\/\/profeel.bzh\/wordpress\/wp-json\/wp\/v2\/categories?post=16447"},{"taxonomy":"post_tag","embeddable":true,"href":"https:\/\/profeel.bzh\/wordpress\/wp-json\/wp\/v2\/tags?post=16447"}],"curies":[{"name":"wp","href":"https:\/\/api.w.org\/{rel}","templated":true}]}}