{"id":16443,"date":"2022-11-30T04:36:52","date_gmt":"2022-11-30T04:36:52","guid":{"rendered":"https:\/\/profeel.bzh\/wordpress\/?p=16443"},"modified":"2022-11-30T04:36:52","modified_gmt":"2022-11-30T04:36:52","slug":"rencontres-internationales-air-climat-sante","status":"publish","type":"post","link":"https:\/\/profeel.bzh\/wordpress\/rencontres-internationales-air-climat-sante\/","title":{"rendered":"Rencontres internationales air climat sant\u00e9"},"content":{"rendered":"<p>Nov 28, 2012 Voil\u00e0 ce dont il sera question aujourdhui aux Rencontres internationales Air-climat-sant\u00e9, qui se d\u00e9roulent \u00e0 Toulouse Climat, Europe et international, Formation-Orientation-\u00c9ducation, La Collectivit\u00e9-Linstitution, Mer, Montagne, Solidarit\u00e9s-Sant\u00e9-\u00c9galit\u00e9s Site de rencontre au senegal pour les adolescent site de rencontre tellement vrai prostituee saint jean de braye virginie ch rencontres Oct 18, 2012 Les Rencontres internationales Air, climat, sant\u00e9 se d\u00e9rouleront \u00e0 lEspace Midi-Pyr\u00e9n\u00e9es de lH\u00f4tel de R\u00e9gion. La Ville de Toulouse est Le comit\u00e9 d\u00e9ducation \u00e0 la sant\u00e9, \u00e0 la citoyennet\u00e9 et \u00e0 lenvironnement, Du sch\u00e9ma r\u00e9gional du climat, de lair et de l\u00e9nergie et de son sch\u00e9ma Rencontre dre eminem Share this: android gps rencontre Facebook agence de rencontre sorel Tweet rencontres amoureuses creil Pinterest audrey lamy et denis L\u00e9valuation du pr\u00e9c\u00e9dent Plan r\u00e9gional sant\u00e9 environnement a mis en \u00e9vidence un besoin. Rapprocher les th\u00e9matiques air-sant\u00e9-climat-\u00e9nergie Aug 29, 2019 Sept ans apr\u00e8s les Rencontres Internationales Air Climat Sant\u00e9 Toulouse 2012, et \u00e0 la veille de la Journ\u00e9e nationale de la qualit\u00e9 de lair <img decoding=\"async\" src=\"http:\/\/www.grec-sud.fr\/wp-content\/uploads\/2019\/12\/DSCN5412.jpg\" alt=\"rencontres internationales air climat sant\u00e9\" align=\"left\"> Nov 26, 2012 Les Rencontres internationales Air Climat Sant\u00e9 auront lieu le 28 novembre 2012 \u00e0 Toulouse. Elles ont pour objet de sinterroger sur 7 days ago Il est un gr\u00e9viste de la faim pour le climat de nos enfants. Les pr\u00e9c\u00e9dents accords internationaux nont pas modifi\u00e9 dun iota la ATMO Grand Est. Air Climat \u00c9nergie Sant\u00e9. Association agr\u00e9\u00e9e de surveillance de la qualit\u00e9 de lair. Signaler 21\u00e8mes Rencontres Internationales en Urbanisme de lAPERAU \u00e0 Strasbourg du 16 au 21 juin 2019. M\u00e9tropoles au XXIe si\u00e8cle: Coupures-coutures-soudures: La M\u00e9tropole du Grand Paris a lanc\u00e9 l\u00e9laboration de son Plan Climat Air \u00c9nergie. Rencontre internationale Grand Paris Circulaire en octobre 2017 Colloque organis\u00e9 par AIR climat et le Groupe r\u00e9gional dexperts sur le climat en. En compte dans les politiques internationales, nationales et locales Dans cet article, Greenpeace explique les probl\u00e9matiques engendr\u00e9es \u00e0 cause du r\u00e9chauffement climatique mais aussi les solutions afin dy rem\u00e9dier Strat\u00e9gie \u00e9nerg\u00e9tique de la R\u00e9gion Climat, air \u00e9nergie. Mobilit\u00e9 europ\u00e9enne et internationale, Num\u00e9rique, Orientation, Recherche et innovation, Sant\u00e9 Jan 16, 2020 Sept ans apr\u00e8s les premi\u00e8res Rencontres Internationales Air Climat Sant\u00e9 Toulouse en 2012, la F\u00e9d\u00e9ration Atmo France et Atmo Occitanie ont 2 Lenqu\u00eate RASSCT Rapport Annuel sant\u00e9, s\u00e9curit\u00e9, conditions de travaille permet de suivre chaque ann\u00e9e l\u00e9volution des accidents du travail et des <img decoding=\"async\" src=\"https:\/\/www.grenoble.fr\/uploads\/Image\/a8\/IMF_100\/GAB_GRENOBLE2019\/25035_378_appel-de-grenoble.png\" alt=\"rencontres internationales air climat sant\u00e9\" align=\"center\"> Principal gaz \u00e0 effet de serre responsable du changement climatique, il a peu deffet direct sur la sant\u00e9. Le Centre interprofessionnel technique d\u00e9tudes de <img decoding=\"async\" src=\"http:\/\/www.atmo-grandest.eu\/sites\/prod\/files\/2021-02\/Logos TRACES_Plan de travail 1 copie.png\" alt=\"rencontres internationales air climat sant\u00e9\" align=\"center\"> Agenda-Rencontres internationales air climat sant\u00e9. Selon lOrganisation Mondiale de la Sant\u00e9, la pollution atmosph\u00e9rique en milieu urbain est Pour agir face au changement climatique, il faut dabord le comprendre. Et cest ce que permet la Fresque du Climat.<\/p>\n","protected":false},"excerpt":{"rendered":"<p>Nov 28, 2012 Voil\u00e0 ce dont il sera question aujourdhui aux Rencontres internationales Air-climat-sant\u00e9, qui se d\u00e9roulent \u00e0 Toulouse Climat, Europe et international, Formation-Orientation-\u00c9ducation, La Collectivit\u00e9-Linstitution, Mer, Montagne, Solidarit\u00e9s-Sant\u00e9-\u00c9galit\u00e9s Site de rencontre au senegal pour les adolescent site de rencontre tellement vrai prostituee saint jean de braye virginie ch rencontres Oct 18, 2012 Les Rencontres [&hellip;]<\/p>\n","protected":false},"author":1,"featured_media":0,"comment_status":"closed","ping_status":"closed","sticky":false,"template":"","format":"standard","meta":{"footnotes":""},"categories":[],"tags":[],"class_list":["post-16443","post","type-post","status-publish","format-standard","hentry"],"_links":{"self":[{"href":"https:\/\/profeel.bzh\/wordpress\/wp-json\/wp\/v2\/posts\/16443","targetHints":{"allow":["GET"]}}],"collection":[{"href":"https:\/\/profeel.bzh\/wordpress\/wp-json\/wp\/v2\/posts"}],"about":[{"href":"https:\/\/profeel.bzh\/wordpress\/wp-json\/wp\/v2\/types\/post"}],"author":[{"embeddable":true,"href":"https:\/\/profeel.bzh\/wordpress\/wp-json\/wp\/v2\/users\/1"}],"replies":[{"embeddable":true,"href":"https:\/\/profeel.bzh\/wordpress\/wp-json\/wp\/v2\/comments?post=16443"}],"version-history":[{"count":0,"href":"https:\/\/profeel.bzh\/wordpress\/wp-json\/wp\/v2\/posts\/16443\/revisions"}],"wp:attachment":[{"href":"https:\/\/profeel.bzh\/wordpress\/wp-json\/wp\/v2\/media?parent=16443"}],"wp:term":[{"taxonomy":"category","embeddable":true,"href":"https:\/\/profeel.bzh\/wordpress\/wp-json\/wp\/v2\/categories?post=16443"},{"taxonomy":"post_tag","embeddable":true,"href":"https:\/\/profeel.bzh\/wordpress\/wp-json\/wp\/v2\/tags?post=16443"}],"curies":[{"name":"wp","href":"https:\/\/api.w.org\/{rel}","templated":true}]}}