{"id":16426,"date":"2022-11-30T04:35:58","date_gmt":"2022-11-30T04:35:58","guid":{"rendered":"https:\/\/profeel.bzh\/wordpress\/?p=16426"},"modified":"2022-11-30T04:35:58","modified_gmt":"2022-11-30T04:35:58","slug":"rencontre-entre-dali-et-gala","status":"publish","type":"post","link":"https:\/\/profeel.bzh\/wordpress\/rencontre-entre-dali-et-gala\/","title":{"rendered":"Rencontre entre dali et gala"},"content":{"rendered":"<p><img decoding=\"async\" src=\"https:\/\/dmdlnu87i51n1.cloudfront.net\/v1\/fr\/ckz3y097g00113862hn9cgxmn\/0x0:442x592\/960x960\/dali_1.png\" alt=\"rencontre entre dali et gala\" align=\"center\"> Dec 10, 2019 imprimer: Le Parisien Etudiant: GALATEE OU LA RENCONTRE-SURREALISTE ENTRE DALI ET GALA theatre-Th\u00e9\u00e2tre de la Contrescarpe, France Galat\u00e9e ou la rencontre surr\u00e9aliste. De Dali et Gala Com\u00e9die. Son histoire damour avec Gala fut le chef d\u0153uvre de Dal\u00ed. Pendant quarante-cinq ans Un v\u00e9ritable amour entre Gala et Dal\u00ed, qui a dur\u00e9 plus de quarante-cinq ans. Un amour pour la peinture, pour la philosophie et pour la mer Sep 9, 2019 Pourtant, la jalousie finira par lentamer, avant que la muse ne devienne Madame Dal\u00ed. Cest une histoire damour et dart, dinspiration et de En 1930, Salvador Dal\u00ed, qui vient de rencontrer Gala, sa femme, ach\u00e8te une petite. Les premi\u00e8res cabanes abritent aujourdhui lentr\u00e9e et la cuisine May 5, 2019 Galat\u00e9e \u00e9crit et mise en sc\u00e8ne par Mathilde Aurier, conte une \u00e9trange rencontre par songes interpos\u00e9s entre Salvator Dali et sa muse Gala Au th\u00e9\u00e2tre de la Contrescarpe, Galat\u00e9e ou la rencontre surr\u00e9aliste de Dal\u00ed et Gala donne \u00e0 voir la romance fantasm\u00e9e entre le grand peintre catalan et sa Jul 6, 2018 Elle rencontre Dali en 1929 lors dun voyage \u00e0 Cadaqu\u00e8s en Espagne. De travail entre ce mus\u00e9e et la Fondation Salvador Dali de Figueras Mar 7, 2021 De son nom Elena Ivanovana Diokanova, la femme originaire de Russie rencontre Dal\u00ed pour la premi\u00e8re fois en 1929 \u00e0 Cadaqu\u00e9s. Lartiste est tomb\u00e9 <img decoding=\"async\" src=\"https:\/\/media.lesechos.com\/api\/v1\/images\/view\/5d41592bd286c24b277a8823\/1280x720\/ech19084512-1.jpg\" alt=\"rencontre entre dali et gala\" align=\"left\"> Jaime Gala plus que ma m\u00e8re, plus que mon p\u00e8re, plus que Picasso et m\u00eame plus que. \u00c0 Es Cayals, Dali d\u00e9clare son amour \u00e0 Gala entre deux rires nerveux 9 mars 2020-Ce solitaire Gala Dali a \u00e9t\u00e9 r\u00e9alis\u00e9 en hommage \u00e0 la rencontre passionn\u00e9e entre le peintre et sa muse, partis en exil pour vivre pleinement Jul 21, 2020 Cest lors de son s\u00e9jour \u00e0 Clavadel quElena rencontre Eug\u00e8ne. Si lhistoire damour entre Dal\u00ed et Gala sonne comme une \u00e9vidence pour eux Nov 18, 2019 Alors quil est mari\u00e9 \u00e0 Gala, Salvador Dali va alors entretenir une relation extraconjugale avec Amanda Lear <img decoding=\"async\" src=\"https:\/\/www.apprendre-a-dessiner.org\/wp-content\/uploads\/2016\/12\/SalvadorDali-Portrait.jpg\" alt=\"rencontre entre dali et gala\" align=\"right\"> Mar 12, 2020 Lexposition Dali, l\u00e9nigme sans fin a ouvert ses portes le 6 mars. Dali et Gala se sont rencontr\u00e9s lors dun week-end entre Son histoire damour avec Gala fut le chef-doeuvre de Dal\u00ed. Pendant quarante-cinq ans, ce couple mythique v\u00e9cut un r\u00eave \u00e9veill\u00e9, dans la fusion et la d\u00e9mesure.<\/p>\n","protected":false},"excerpt":{"rendered":"<p>Dec 10, 2019 imprimer: Le Parisien Etudiant: GALATEE OU LA RENCONTRE-SURREALISTE ENTRE DALI ET GALA theatre-Th\u00e9\u00e2tre de la Contrescarpe, France Galat\u00e9e ou la rencontre surr\u00e9aliste. De Dali et Gala Com\u00e9die. Son histoire damour avec Gala fut le chef d\u0153uvre de Dal\u00ed. Pendant quarante-cinq ans Un v\u00e9ritable amour entre Gala et Dal\u00ed, qui a dur\u00e9 plus [&hellip;]<\/p>\n","protected":false},"author":1,"featured_media":0,"comment_status":"closed","ping_status":"closed","sticky":false,"template":"","format":"standard","meta":{"footnotes":""},"categories":[],"tags":[],"class_list":["post-16426","post","type-post","status-publish","format-standard","hentry"],"_links":{"self":[{"href":"https:\/\/profeel.bzh\/wordpress\/wp-json\/wp\/v2\/posts\/16426","targetHints":{"allow":["GET"]}}],"collection":[{"href":"https:\/\/profeel.bzh\/wordpress\/wp-json\/wp\/v2\/posts"}],"about":[{"href":"https:\/\/profeel.bzh\/wordpress\/wp-json\/wp\/v2\/types\/post"}],"author":[{"embeddable":true,"href":"https:\/\/profeel.bzh\/wordpress\/wp-json\/wp\/v2\/users\/1"}],"replies":[{"embeddable":true,"href":"https:\/\/profeel.bzh\/wordpress\/wp-json\/wp\/v2\/comments?post=16426"}],"version-history":[{"count":0,"href":"https:\/\/profeel.bzh\/wordpress\/wp-json\/wp\/v2\/posts\/16426\/revisions"}],"wp:attachment":[{"href":"https:\/\/profeel.bzh\/wordpress\/wp-json\/wp\/v2\/media?parent=16426"}],"wp:term":[{"taxonomy":"category","embeddable":true,"href":"https:\/\/profeel.bzh\/wordpress\/wp-json\/wp\/v2\/categories?post=16426"},{"taxonomy":"post_tag","embeddable":true,"href":"https:\/\/profeel.bzh\/wordpress\/wp-json\/wp\/v2\/tags?post=16426"}],"curies":[{"name":"wp","href":"https:\/\/api.w.org\/{rel}","templated":true}]}}