{"id":16396,"date":"2022-11-30T04:33:00","date_gmt":"2022-11-30T04:33:00","guid":{"rendered":"https:\/\/profeel.bzh\/wordpress\/?p=16396"},"modified":"2022-11-30T04:33:00","modified_gmt":"2022-11-30T04:33:00","slug":"programme-rencontre-photographique-arles","status":"publish","type":"post","link":"https:\/\/profeel.bzh\/wordpress\/programme-rencontre-photographique-arles\/","title":{"rendered":"Programme rencontre photographique arles"},"content":{"rendered":"<p>Oct 7, 2021 La fr\u00e9quentation des Rencontres dArles, qui se sont achev\u00e9es le 26 septembre, est en baisse de 22 : le grand festival de photographie a Jul 8, 2019 51 exposition en programme officiel, 6 en programmes associ\u00e9 et 15 dans le cadre du Grand Arles Express qui fait voyager de Marseille \u00e0 Avignon Apr 29, 2020 Les 51e rencontres internationales de la photographies dArles, pr\u00e9vues du 29. En pr\u00e9sentant le programme, le 12 mars, cinq jours avant Les rencontres dArles r\u00e9unissent chaque ann\u00e9e les meilleurs photographes. Le programme complet et toutes les informations sur www Rencontres-arles. Com \u00c0 loccasion de leur cinquantenaire, les Rencontres ont initi\u00e9 un vaste programme de valorisation de leur collection, pr\u00e9sent\u00e9e pour la premi\u00e8re fois dans cet Jul 15, 2021 Les Rencontres dArles 2021 avec LCI. Jeu termin\u00e9-A loccasion de cet incontournable festival annuel de photographie, LCI met en jeu cinq Jul 5, 2021 Le point sur le programme qui va prendre possession dArles, mais qui s\u00e9tendra aussi \u00e0 Marseille, Saint-R\u00e9my-de-Provence, N\u00eemes Gard, Avignon Jul 27, 2021 Au programme: quatre expositions en plein air qui invitent \u00e0 appr\u00e9cier le patrimoine. Les rencontres de la photographie-Arles 2021 <img decoding=\"async\" src=\"https:\/\/phototrend.fr\/wp-content\/uploads\/2017\/06\/phototrend_arles2017_affiche.jpg\" alt=\"programme rencontre photographique arles\" align=\"center\"> Localisation des points de rencontre des secours en for\u00eat PRSF, permettant de faciliter la loca. Cartes IGN, photographies a\u00e9riennes, carte du relief Jul 21, 2021 Lexposition Masculinit\u00e9s, la lib\u00e9ration par la photographie, con\u00e7ue par la commissaire dexposition Alona Pardo, programm\u00e9e pour l\u00e9dition 2020 L\u00e9dition 2021 des Rencontres de la photographie dArles vous invite \u00e0 Un \u00e9t\u00e9 des. Au travers dun programme exceptionnel se d\u00e9roulant dans divers lieux Bienvenue sur Arles-exposition, le festival Off des Rencontres dArles, lieu de rencontres privil\u00e9gi\u00e9es entre les galeries, les photographes et leurs BMW ART MAKERS Call for applications until December 15, 2021 The new BMW Group France arts pratronage program will support an artist-curator duo every year <img decoding=\"async\" src=\"https:\/\/www.francetvinfo.fr\/pictures\/7GG9LdyPh0HmskTJ8UdjB350wWY\/fit-in\/720x\/2021\/07\/20\/phpiCjwB1.jpg\" alt=\"programme rencontre photographique arles\" align=\"right\"> Explorez les consoles PlayStation 4 et PlayStation 5 nouvelle g\u00e9n\u00e9ration: profitez dune exp\u00e9rience immersive avec des milliers de jeux acclam\u00e9s parmi de <img decoding=\"async\" src=\"https:\/\/cloudfront-eu-central-1.images.arcpublishing.com\/liberation\/OOEYQHOIRNCRC7D7XSZYIAOFAY.jpg\" alt=\"programme rencontre photographique arles\" align=\"center\"> Mar 12, 2019 \u00c9v\u00e9nement artistique de renomm\u00e9e internationale, les Rencontres photographiques dArles c\u00e9l\u00e8brent leurs 50 ans en 2019. Le programme, dense.<\/p>\n","protected":false},"excerpt":{"rendered":"<p>Oct 7, 2021 La fr\u00e9quentation des Rencontres dArles, qui se sont achev\u00e9es le 26 septembre, est en baisse de 22 : le grand festival de photographie a Jul 8, 2019 51 exposition en programme officiel, 6 en programmes associ\u00e9 et 15 dans le cadre du Grand Arles Express qui fait voyager de Marseille \u00e0 Avignon [&hellip;]<\/p>\n","protected":false},"author":1,"featured_media":0,"comment_status":"closed","ping_status":"closed","sticky":false,"template":"","format":"standard","meta":{"footnotes":""},"categories":[],"tags":[],"class_list":["post-16396","post","type-post","status-publish","format-standard","hentry"],"_links":{"self":[{"href":"https:\/\/profeel.bzh\/wordpress\/wp-json\/wp\/v2\/posts\/16396","targetHints":{"allow":["GET"]}}],"collection":[{"href":"https:\/\/profeel.bzh\/wordpress\/wp-json\/wp\/v2\/posts"}],"about":[{"href":"https:\/\/profeel.bzh\/wordpress\/wp-json\/wp\/v2\/types\/post"}],"author":[{"embeddable":true,"href":"https:\/\/profeel.bzh\/wordpress\/wp-json\/wp\/v2\/users\/1"}],"replies":[{"embeddable":true,"href":"https:\/\/profeel.bzh\/wordpress\/wp-json\/wp\/v2\/comments?post=16396"}],"version-history":[{"count":0,"href":"https:\/\/profeel.bzh\/wordpress\/wp-json\/wp\/v2\/posts\/16396\/revisions"}],"wp:attachment":[{"href":"https:\/\/profeel.bzh\/wordpress\/wp-json\/wp\/v2\/media?parent=16396"}],"wp:term":[{"taxonomy":"category","embeddable":true,"href":"https:\/\/profeel.bzh\/wordpress\/wp-json\/wp\/v2\/categories?post=16396"},{"taxonomy":"post_tag","embeddable":true,"href":"https:\/\/profeel.bzh\/wordpress\/wp-json\/wp\/v2\/tags?post=16396"}],"curies":[{"name":"wp","href":"https:\/\/api.w.org\/{rel}","templated":true}]}}