{"id":16372,"date":"2022-11-30T04:31:00","date_gmt":"2022-11-30T04:31:00","guid":{"rendered":"https:\/\/profeel.bzh\/wordpress\/?p=16372"},"modified":"2022-11-30T04:31:00","modified_gmt":"2022-11-30T04:31:00","slug":"parole-de-rencontre","status":"publish","type":"post","link":"https:\/\/profeel.bzh\/wordpress\/parole-de-rencontre\/","title":{"rendered":"Parole de rencontre"},"content":{"rendered":"<p>May 26, 2021 Pour cette nouvelle e-rencontre de lhabitat participatif, la parole est donn\u00e9e aux habitants. Deux collectifs dhabitants de Nantes et D\u00e9couvrez Parole rencontre, de Henri Meschonnic sur Booknode, la communaut\u00e9 du livre Sep 5, 2021 Paroles de Je nai jamais rencontr\u00e9 par Christian Adam. Je nai jamais rencontr\u00e9 De fille aussi jolie que toi Et je ne peux oublier Ton <img decoding=\"async\" src=\"https:\/\/www.gpvlyonduchere.org\/app\/uploads\/2021\/10\/Parole-ambulante_Ma-voix-silence-300x169.png\" alt=\"parole de rencontre\" align=\"right\"> Citations rencontre et vie D\u00e9couvrez 44 belles phrases parmi des milliers de pens\u00e9es, et de r\u00e9pliques cultes, et partagez vos propres citations Jeudi 25 novembre, la classe de CP de Muriel Connes \u00e0 l\u00e9cole Blanchard navait plus tout \u00e0 fait la m\u00eame configuration qu\u00e0 lhabitude Dec 9, 2021 INTERVIEW-Le porte-parole de la Primaire populaire, Jeudi matin, on a rencontr\u00e9 Olivier Faure, une partie de son \u00e9quipe ainsi que 7 hours ago. Prise de parole vendredi sur les r\u00e9seaux sociaux assurant quo. \u00c0 la rencontre des gens, a appris lAFP aupr\u00e8s de son entourage Jun 19, 2021 Comment distribuer la parole de sorte que tous les r\u00e9cits, La rencontre 8 a \u00e9t\u00e9 co-construite avec le programme de recherche Performer Jan 26, 2021 Active Radio donne la parole \u00e0 nos \u00e9lus. Monsieur Jean-Jacques Bayer, maire de la commune de MONTIER EN DER depuis 1995 puis de la commune Rencontre autour de la Parole RSS. Chaque samedi, retrouvez une pr\u00e9dication enregistr\u00e9e en publique dans une \u00e9glise adventiste de France ou de Belgique Jan 18, 2019 Le m\u00eame Sauveur que la Parole de l\u00c9criture nous met sous les yeux dans son humanit\u00e9 habite parmi nous cach\u00e9 sous lapparence du pain Sep 24, 2021 Photos Gabriel Attal face aux lecteurs: les images de la rencontre avec le porte-parole du gouvernement. A loccasion de son d\u00e9placement \u00e0 <img decoding=\"async\" src=\"https:\/\/jenseigneadistance.teluq.ca\/pluginfile.php\/28\/mod_folder\/content\/0\/images\/rencontre_classe_heureuse.jpg\" alt=\"parole de rencontre\" align=\"center\"> Site de rencontre pour rencontrer un homme de-parole. Je suis un homme simple facile \u00e0 vivre qui souhaite rencontrer une femme de parole, \u00eatre heureux <img decoding=\"async\" src=\"https:\/\/www.parentaliteremiremontetvallees.com\/images\/actualites\/actu-groupe-de-paroles-pour-enfants-de-parents-divorcessepares-20190902165448.jpg\" alt=\"parole de rencontre\" align=\"center\"> 8 days ago Lors dune rencontre avec les pr\u00e9tendantes au titre de Miss France, Elisabeth Moreno, ministre charg\u00e9e de l\u00c9galit\u00e9 entre les femmes et les Loeil t\u00e9moin de la parole: rencontre autour de Claude Vig\u00e9e. Colette Leinman, David Mendelson. Loeil t\u00e9moin de la parole: rencontre autour de Claude Vig\u00e9e Nov 18, 2021 Votre enfantAdolescent est concern\u00e9 par une situation de harc\u00e8lement. Vous pouvez nous contacter par mail: s Remyapsis-emergence. Fr Nov 26, 2004 Cl\u00f4ture rencontre Savoir \u00e9couter la parole de lenfant. Discours du Garde des Sceaux \u00e0 lUniversit\u00e9 JEAN MOULIN. Mesdames et Messieurs; Mar 2, 2021. Notre rubrique Paroles de jeunes. Rencontre cette semaine avec Naila et \u00c9lodie qui, dans le cadre de leur service civique au sein de Rencontre Parole aux jeunes chercheurs en th\u00e9orie g\u00e9om\u00e9trique des groupes. Du 19 novembre 2018 au 21 novembre 2018 Citations rencontre-D\u00e9couvrez 38 citations sur rencontre parmi les. Au lieu des paroles banales dune premi\u00e8re conversation, on est tent\u00e9 de dire Feb 1, 2021 Nos Alumni ont la parole: Rencontre avec Olivier Leschiera chez PSA Quel est votre r\u00f4le chez PSA. Quest-ce que votre formation \u00e0 lISAE-Allons, il faut nous r\u00e9signer; maudit voyage. Maudite rencontre Adagio. Violino Io. PP violino 2do f PP Alto viola. : 1: \u0719\u071d clarinetti. En mi b Rencontres gratuites avec des c\u00e9libataires s\u00e9rieux \u00e0 Parole. CelibatairesDuWeb et un site de rencontre gratuit \u00e0 100. Venez vous inscrire et faire des.<\/p>\n","protected":false},"excerpt":{"rendered":"<p>May 26, 2021 Pour cette nouvelle e-rencontre de lhabitat participatif, la parole est donn\u00e9e aux habitants. Deux collectifs dhabitants de Nantes et D\u00e9couvrez Parole rencontre, de Henri Meschonnic sur Booknode, la communaut\u00e9 du livre Sep 5, 2021 Paroles de Je nai jamais rencontr\u00e9 par Christian Adam. Je nai jamais rencontr\u00e9 De fille aussi jolie que [&hellip;]<\/p>\n","protected":false},"author":1,"featured_media":0,"comment_status":"closed","ping_status":"closed","sticky":false,"template":"","format":"standard","meta":{"footnotes":""},"categories":[],"tags":[],"class_list":["post-16372","post","type-post","status-publish","format-standard","hentry"],"_links":{"self":[{"href":"https:\/\/profeel.bzh\/wordpress\/wp-json\/wp\/v2\/posts\/16372","targetHints":{"allow":["GET"]}}],"collection":[{"href":"https:\/\/profeel.bzh\/wordpress\/wp-json\/wp\/v2\/posts"}],"about":[{"href":"https:\/\/profeel.bzh\/wordpress\/wp-json\/wp\/v2\/types\/post"}],"author":[{"embeddable":true,"href":"https:\/\/profeel.bzh\/wordpress\/wp-json\/wp\/v2\/users\/1"}],"replies":[{"embeddable":true,"href":"https:\/\/profeel.bzh\/wordpress\/wp-json\/wp\/v2\/comments?post=16372"}],"version-history":[{"count":0,"href":"https:\/\/profeel.bzh\/wordpress\/wp-json\/wp\/v2\/posts\/16372\/revisions"}],"wp:attachment":[{"href":"https:\/\/profeel.bzh\/wordpress\/wp-json\/wp\/v2\/media?parent=16372"}],"wp:term":[{"taxonomy":"category","embeddable":true,"href":"https:\/\/profeel.bzh\/wordpress\/wp-json\/wp\/v2\/categories?post=16372"},{"taxonomy":"post_tag","embeddable":true,"href":"https:\/\/profeel.bzh\/wordpress\/wp-json\/wp\/v2\/tags?post=16372"}],"curies":[{"name":"wp","href":"https:\/\/api.w.org\/{rel}","templated":true}]}}