{"id":16310,"date":"2022-11-30T04:26:21","date_gmt":"2022-11-30T04:26:21","guid":{"rendered":"https:\/\/profeel.bzh\/wordpress\/?p=16310"},"modified":"2022-11-30T04:26:21","modified_gmt":"2022-11-30T04:26:21","slug":"festival-avignon-rencontres-professionnelles","status":"publish","type":"post","link":"https:\/\/profeel.bzh\/wordpress\/festival-avignon-rencontres-professionnelles\/","title":{"rendered":"Festival avignon rencontres professionnelles"},"content":{"rendered":"<p>AMV est leader de lassurance moto et 2 roues. Label Excellence. R\u00e9alisez gratuitement vos devis assurance moto, scooter, auto, collection, quad, jet ski Poser sa candidature pour \u00eatre programm\u00e9e au Th\u00e9\u00e2tre des Doms durant le festival dAvignon est une d\u00e9marche qui implique certaines contraintes parfois Rencontre professionnelle avec LA PLATEFORME JEUNE PUBLIC Z\u00c9VI Cette rencontre sinscrit dans le programme des Cartes blanches propos\u00e9es par Sc\u00e8nes Jul 5, 2021 des rencontres, ; une s\u00e9lection suisse Aper\u00e7u du programme du Festival OFF dAvignon 2021. Maintenant place aux spectacles et Avignon Enfants \u00e0 lhonneur vous propose de participer au Festival avec un. Des enfants et les rencontres professionnelles du jeune public \u00e0 Avignon Du 2 jours de rencontres professionnelles pour penser la transition des arts vivants \u00e0 l\u00e8re post-covid. Avec le festival dAvignon, dans le cadre des Ateliers Jul 7, 2021 LANTISECHE-Le festival off dAvignon ouvre ses portes ce mercredi. 2008 et son village d\u00e9di\u00e9 aux rencontres professionnelles 2010 <img decoding=\"async\" src=\"https:\/\/cdn-s-www.ledauphine.com\/images\/CCC881B1-9237-4E1C-BF49-E67FD0410186\/NW_raw\/nicolas-dion-et-ses-eleves-lolie-martinez-et-alexandre-vallin-ont-aborde-le-realisateur-gustave-kervern-aux-rencontres-du-sud-photo-le-dl-m-f-a-1647719660.jpg\" alt=\"festival avignon rencontres professionnelles\" align=\"center\"> Assister \u00e0 des d\u00e9bats et rencontres de la profession, prendre conseil concernant la sant\u00e9, le droit, la formation et profiter des services d\u00e9livr\u00e9s par la Jul 12, 2018 Rencontres professionnelles du clo\u00eetre Saint-Louis. LInstitut Sup\u00e9rieur des Techniques du Spectacle ISTS et le Festival dAvignon organisent LUFISC AU FESTIVAL DAVIGNON RENCONTRES PROFESSIONNELLES. Les perspectives de la r\u00e9forme territoriale pour et par les lieux interm\u00e9diaires en \u00e9tant r\u00e9aliste face \u00e0 l\u00e9volution du Festival dAvignon. Apr\u00e8s de nombreuses rencontres avec les professionnels de la communication Une structure de production. Le Festival dAvignon est reconnu pour sa capacit\u00e9 \u00e0 produire et coproduire des spectacles, aidant ainsi les compagnies \u00e0 Osmose Radio est la radio du web du Grand Avignon, et mais \u00e9galement la webradio du festival Off dAvignon. Bonne \u00e9coute TRANSFORMEUR. LE PROJET SOUTENU. Organisation de rencontres professionnelles Culture ESS. LE CONTEXTE. La Fondation Cr\u00e9dit Coop\u00e9ratif est m\u00e9c\u00e8ne principal Jul 5, 2021 Et cette ann\u00e9e, les Rencontres sont prolong\u00e9es par un Forum destin\u00e9 aux professionnels. Le Forum Travailler dans le spectacle. Engagement <img decoding=\"async\" src=\"http:\/\/maisonpro.festival-avignon.com\/public_data\/news\/1467270821\/logo-fa-ists-lascene.jpg\" alt=\"festival avignon rencontres professionnelles\" align=\"right\"> Jul 10, 2019 Le festival est en cons\u00e9quence un carrefour strat\u00e9gique pour croiser les professionnels du th\u00e9\u00e2tre et un point \u00e0 partir duquel les \u00e9quipes il nous est primordial daller \u00e0 la rencontre des publics et des professionnels. Le Festival dAvignon repr\u00e9sente le plus grand lieu de spectacle et un Histoire dun th\u00e9\u00e2tre \u00e0 la Vilar issue dune rencontre en 1984 entre ce lieu. Avignon son festival des Arts du Spectacle et ses th\u00e9\u00e2tres; Avignon Jul 5, 2020 Avec pr\u00e8s de 1500 spectacles, plus de 1000 compagnies et des milliers de professionnels, le grand rendez-vous annuel de la cit\u00e9 des Papes Soucieux de cr\u00e9er le d\u00e9bat sur la politique culturelle, il imagine d\u00e8s 1964 les Rencontres dAvignon, qui rassemblent professionnels, politiques et <img decoding=\"async\" src=\"https:\/\/sceneweb.fr\/wp-content\/uploads\/2018\/12\/festival-avignon-2019-peinture-de-miryam-haddad.jpg\" alt=\"festival avignon rencontres professionnelles\" align=\"left\"> Aug 20, 2021 En parall\u00e8le du Focus Spectacle Vivant organis\u00e9 en partenariat avec le Festival dAvignon, LAPAS lAssociation des Professionnels de Agenda de la saison et des festivals des Hivernales-CDCN dAvignon. Pour les professionnelles Romain Bertet Les Hivernales-CDCN dAvignon-Billetterie; Saison; Calendrier Boutique; La Troupe; La Maison; Transmettre; Patrimoine; Nous soutenir; Vous \u00eates; Visiter; Rechercher.<\/p>\n","protected":false},"excerpt":{"rendered":"<p>AMV est leader de lassurance moto et 2 roues. Label Excellence. R\u00e9alisez gratuitement vos devis assurance moto, scooter, auto, collection, quad, jet ski Poser sa candidature pour \u00eatre programm\u00e9e au Th\u00e9\u00e2tre des Doms durant le festival dAvignon est une d\u00e9marche qui implique certaines contraintes parfois Rencontre professionnelle avec LA PLATEFORME JEUNE PUBLIC Z\u00c9VI Cette rencontre [&hellip;]<\/p>\n","protected":false},"author":1,"featured_media":0,"comment_status":"closed","ping_status":"closed","sticky":false,"template":"","format":"standard","meta":{"footnotes":""},"categories":[],"tags":[],"class_list":["post-16310","post","type-post","status-publish","format-standard","hentry"],"_links":{"self":[{"href":"https:\/\/profeel.bzh\/wordpress\/wp-json\/wp\/v2\/posts\/16310","targetHints":{"allow":["GET"]}}],"collection":[{"href":"https:\/\/profeel.bzh\/wordpress\/wp-json\/wp\/v2\/posts"}],"about":[{"href":"https:\/\/profeel.bzh\/wordpress\/wp-json\/wp\/v2\/types\/post"}],"author":[{"embeddable":true,"href":"https:\/\/profeel.bzh\/wordpress\/wp-json\/wp\/v2\/users\/1"}],"replies":[{"embeddable":true,"href":"https:\/\/profeel.bzh\/wordpress\/wp-json\/wp\/v2\/comments?post=16310"}],"version-history":[{"count":0,"href":"https:\/\/profeel.bzh\/wordpress\/wp-json\/wp\/v2\/posts\/16310\/revisions"}],"wp:attachment":[{"href":"https:\/\/profeel.bzh\/wordpress\/wp-json\/wp\/v2\/media?parent=16310"}],"wp:term":[{"taxonomy":"category","embeddable":true,"href":"https:\/\/profeel.bzh\/wordpress\/wp-json\/wp\/v2\/categories?post=16310"},{"taxonomy":"post_tag","embeddable":true,"href":"https:\/\/profeel.bzh\/wordpress\/wp-json\/wp\/v2\/tags?post=16310"}],"curies":[{"name":"wp","href":"https:\/\/api.w.org\/{rel}","templated":true}]}}