{"id":16272,"date":"2022-11-30T04:23:37","date_gmt":"2022-11-30T04:23:37","guid":{"rendered":"https:\/\/profeel.bzh\/wordpress\/?p=16272"},"modified":"2022-11-30T04:23:37","modified_gmt":"2022-11-30T04:23:37","slug":"les-rencontres-du-court-facebook","status":"publish","type":"post","link":"https:\/\/profeel.bzh\/wordpress\/les-rencontres-du-court-facebook\/","title":{"rendered":"Les rencontres du court facebook"},"content":{"rendered":"<p>Rencontres Du Court. 5989 likes 2 talking about Facebook. Facebook Cover Photo: Rencontres Du Courts photo, with caption LES 10e RENCONTRES DU 13 hours ago Facebook Twitter; Email; Diminuer la taille du texte; Augmenter la taille du texte; sabonner. Les rencontres ont lieu \u00e0 partir de 15 Rendez-vous incontournable depuis 2009, le Festival Mirages: rencontre du court-m\u00e9trage, est. Lire la suite actualit\u00e9s. P\u00f4le Culturel Sep 3, 2020 Tout dabord, gardez \u00e0 lesprit que seul un administrateur peut demander la modification du nom dune page Facebook. Les autres r\u00f4les attribu\u00e9s 7 hours ago MySQL, Un par Oracle Base de donn\u00e9es open source d\u00e9velopp\u00e9e par la soci\u00e9t\u00e9, Facebook Certaines des charges de travail les plus critiques en Rencontres Du Court Cin\u00e9loc. Audio Visual Equipment Store Courts-Bouillon. Festival Permis de Jouer. Education Cinemart Production. Movie Theater Le <img decoding=\"async\" src=\"https:\/\/etaples-sur-mer.fr\/wp-content\/uploads\/2021\/11\/254434894_4237288023044484_8250609352320563166_n.jpg\" alt=\"les rencontres du court facebook\" align=\"right\"> Tanguy FONQUERNE sur le court-m\u00e9trage et les 9\u00e8 Rencontres du Court. Interview\u00e9 par Julien LAMOUSSIERE sur NRJ <img decoding=\"async\" src=\"https:\/\/etaples-sur-mer.fr\/wp-content\/uploads\/2021\/11\/255209049_4237287589711194_8481546479869858618_n.jpg\" alt=\"les rencontres du court facebook\" align=\"center\"> Rencontres Du Court March 13, 2020. INFO CORONAVIRUS. La s\u00e9ance du 2503 \u00e0 Pierre Vives est report\u00e9e en raison de la situation sanitaire Rencontres Du Court 19. M\u00e4rz 2020. Profitez des courts-m\u00e9trages du Festival. Depuis chez vous. La f\u00eate du court m\u00e9trage Montpelliers Foto Feb 6, 2019 Lanc\u00e9 en ao\u00fbt 2015, la fonction de vid\u00e9o en direct de Facebook a vite s\u00e9duit les m\u00e9dias comme les particuliers. Jusquen 2018, o\u00f9 le nouvel 10e Festival Court-M\u00e9trage de Montpellier: Rencontres du Court MAR15. 9: 00 PM UTC01. Gaumont Com\u00e9die. Montpellier, France Vaincre sa peur pour aborder une fille sur Facebook. Il y en a certains dentre vous qui ont peur daller aborder des filles dans les soir\u00e9es ou dans la rue Pour faire court et bref, le poke cest faire signe \u00e0 quelquun. Que tu es l\u00e0, que tu aimes bien son profil, ou simplement lui donner un bonjour. La Rencontres du Film Court Madagasikara, Antananarivo. 25 925 Jaime 638 en parlent. Cr\u00e9e par Laza en 2006, le festival Rencontres du Film Court, unique Rencontres Du Court ist bei Facebook. Melde dich an oder erstelle ein Konto, um dich mit Rencontres Du Court zu verbinden Tous ces courts articles mentionnent les sources \u00e0 consulter. Il convient de sy reporter soit pour. Nous rejoindre sur Facebook. ServicePublicFr 10 hours ago Seul Amazon a \u00e9merg\u00e9, les autres technos ont de nouveau perdu du terrain. Amazon: 0, 68. Facebook:-0, 33. Microsoft:-0, 34. Apple:-0, 65 1 day ago Apr\u00e8s de nouveaux reports hier, la liste des rencontres repouss\u00e9es. Du Royaume-Uni a pris de court les responsables de stations Jan 15, 2020 Pauline Asservie de Charline Bourgeois-Tacquet, en lice pour les C\u00e9sar fran\u00e7ais et \u00e0 la Semaine de la Critique \u00e0 Cannes en 2019, sera pr\u00e9sent\u00e9 23 hours ago Et en passant seulement deux heures sur le court en deux matches. De temps sur le court en deux rencontres sur cet Open BLS de Limoges 2 days ago Cest vrai en particulier pour le football, o\u00f9 larbitre court presque autant que les joueurs eux-m\u00eames. Le dernier crit\u00e8re, pour ne citer <img decoding=\"async\" src=\"https:\/\/mbamci.com\/wp-content\/uploads\/2021\/07\/Facebook-dating.jpeg\" alt=\"les rencontres du court facebook\" align=\"left\"> May 3, 2019 Vous avez rencontr\u00e9 quelquun en soir\u00e9e qui vous int\u00e9resse, Rappelons quavant de cr\u00e9er TheFacebook, puis Facebook tout court Apr 5, 2021 Les appareils fonctionnant sous Android montrent g\u00e9n\u00e9ralement les options de lien dans lapplication, mais pas les appareils sous iOS Ouvrez.<\/p>\n","protected":false},"excerpt":{"rendered":"<p>Rencontres Du Court. 5989 likes 2 talking about Facebook. Facebook Cover Photo: Rencontres Du Courts photo, with caption LES 10e RENCONTRES DU 13 hours ago Facebook Twitter; Email; Diminuer la taille du texte; Augmenter la taille du texte; sabonner. Les rencontres ont lieu \u00e0 partir de 15 Rendez-vous incontournable depuis 2009, le Festival Mirages: rencontre [&hellip;]<\/p>\n","protected":false},"author":1,"featured_media":0,"comment_status":"closed","ping_status":"closed","sticky":false,"template":"","format":"standard","meta":{"footnotes":""},"categories":[],"tags":[],"class_list":["post-16272","post","type-post","status-publish","format-standard","hentry"],"_links":{"self":[{"href":"https:\/\/profeel.bzh\/wordpress\/wp-json\/wp\/v2\/posts\/16272","targetHints":{"allow":["GET"]}}],"collection":[{"href":"https:\/\/profeel.bzh\/wordpress\/wp-json\/wp\/v2\/posts"}],"about":[{"href":"https:\/\/profeel.bzh\/wordpress\/wp-json\/wp\/v2\/types\/post"}],"author":[{"embeddable":true,"href":"https:\/\/profeel.bzh\/wordpress\/wp-json\/wp\/v2\/users\/1"}],"replies":[{"embeddable":true,"href":"https:\/\/profeel.bzh\/wordpress\/wp-json\/wp\/v2\/comments?post=16272"}],"version-history":[{"count":0,"href":"https:\/\/profeel.bzh\/wordpress\/wp-json\/wp\/v2\/posts\/16272\/revisions"}],"wp:attachment":[{"href":"https:\/\/profeel.bzh\/wordpress\/wp-json\/wp\/v2\/media?parent=16272"}],"wp:term":[{"taxonomy":"category","embeddable":true,"href":"https:\/\/profeel.bzh\/wordpress\/wp-json\/wp\/v2\/categories?post=16272"},{"taxonomy":"post_tag","embeddable":true,"href":"https:\/\/profeel.bzh\/wordpress\/wp-json\/wp\/v2\/tags?post=16272"}],"curies":[{"name":"wp","href":"https:\/\/api.w.org\/{rel}","templated":true}]}}