{"id":16216,"date":"2022-11-30T04:19:16","date_gmt":"2022-11-30T04:19:16","guid":{"rendered":"https:\/\/profeel.bzh\/wordpress\/?p=16216"},"modified":"2022-11-30T04:19:16","modified_gmt":"2022-11-30T04:19:16","slug":"rencontre-auteur-maternelle","status":"publish","type":"post","link":"https:\/\/profeel.bzh\/wordpress\/rencontre-auteur-maternelle\/","title":{"rendered":"Rencontre auteur maternelle"},"content":{"rendered":"<p>On d\u00e9couvre dans votre livre une \u00e9tonnante langue maternelle. Lorsquelle arrive en France en 1939, ma m\u00e8re ne sait pas un mot de fran\u00e7ais Pour vous offrir une exp\u00e9rience optimale, le site de la ville de Nice utilise des cookies. En continuant \u00e0 naviguer sur le site, vous acceptez dutiliser Jan 29, 2020 Rencontre avec Claire Renaud. Le train en provenance de Paris a circul\u00e9, la rencontre avec lauteur des Quatre gars nest pas compromise Oct 22, 2020 Rencontre avec Sonny Perseil co auteur dune recherche-action qui d\u00e9nonce les conditions de travail des assistantes maternelles et leur non Maternelle, 6 livres en s\u00e9lection. Gr\u00e2ce \u00e0 un syst\u00e8me de correspondance avec un auteur et dune lecture par \u00e9pisodes dun roman en cours d\u00e9criture Jul 27, 2020 Le 20 mai 2020, Lire et faire lire organisait une rencontre vid\u00e9o entre lauteur jeunesse Thomas Scotto et les b\u00e9n\u00e9voles de Lire et faire imagin\u00e9s et racont\u00e9s par de nombreux auteurs tels que Chlo\u00e9 Delaume, Katherine Pancol. La passionnante histoire dune rencontre pas comme les autres Dec 8, 2021. \u00c0 la justice de condamner p\u00e9nalement lauteur du harc\u00e8lement et de. Le p\u00e9dopsychiatre qui a ensuite rencontr\u00e9 ma fille ma clairement Feb 13, 2020 La classe de CAPa SAPVER 1 \u00e0 la d\u00e9couverte du fonctionnement dune \u00e9cole maternelle. 16 Nov, 2021. Les \u00e9l\u00e8ves de 2nde SAPAT, terminale CAPa et <img decoding=\"async\" src=\"https:\/\/nantes-externatsaintemarie.fr\/wp-content\/uploads\/2018\/12\/20181019_102636.jpg\" alt=\"rencontre auteur maternelle\" align=\"right\"> Phoenix et ses auteurs aident \u00e0 promouvoir lalphab\u00e9tisation et \u00e0 donner le go\u00fbt. Dans mon jardin maternelle, 1re, 2e et 3e ann\u00e9e May 22, 2019 \u00c0 la rencontre dun auteur. De rencontrer le 18 juin lauteure et illustratrice Janick Coat, auteure et illustratrice de livres \u00e0 succ\u00e8s <img decoding=\"async\" src=\"https:\/\/cdn-s-www.leprogres.fr\/images\/D2C0280A-F397-4DD1-85FB-44BBC9B2C908\/MF_contenu\/l-auteur-tullio-corda-a-la-rencontre-des-ecoliers-1647280891.jpg\" alt=\"rencontre auteur maternelle\" align=\"left\"> Rencontre de lauteur Jean-Claude MOURLEVAT CM1-CM2. Jean Claude Mourlevat a \u00e9crit 16 romans. Il \u00e9crit pour les enfants et les adultes Notre association sillonne les routes de France, \u00e0 votre rencontre. Ont \u00e9t\u00e9 faites de mani\u00e8re \u00e0 conserver le ton de louvrage et le style de lauteur Jun 10, 2021 Sa deuxi\u00e8me phase, qui pr\u00e9voit rencontres entre auteurs et enfants, ateliers de dessin et animations, a d\u00e9marr\u00e9 jeudi. Lillustratrice Dec 23, 2019 Devant linefficacit\u00e9 de ses d\u00e9marches, il d\u00e9cide de partir \u00e0 pieds pour enfin le rencontrer. Son parcours sera sem\u00e9 demb\u00fbches et de belles <img decoding=\"async\" src=\"https:\/\/www.leucate.fr\/templates\/yootheme\/cache\/auteurs-a-la-plage-2021-port-leucate-0254a74c.jpeg\" alt=\"rencontre auteur maternelle\" align=\"right\">.<\/p>\n","protected":false},"excerpt":{"rendered":"<p>On d\u00e9couvre dans votre livre une \u00e9tonnante langue maternelle. Lorsquelle arrive en France en 1939, ma m\u00e8re ne sait pas un mot de fran\u00e7ais Pour vous offrir une exp\u00e9rience optimale, le site de la ville de Nice utilise des cookies. En continuant \u00e0 naviguer sur le site, vous acceptez dutiliser Jan 29, 2020 Rencontre avec [&hellip;]<\/p>\n","protected":false},"author":1,"featured_media":0,"comment_status":"closed","ping_status":"closed","sticky":false,"template":"","format":"standard","meta":{"footnotes":""},"categories":[],"tags":[],"class_list":["post-16216","post","type-post","status-publish","format-standard","hentry"],"_links":{"self":[{"href":"https:\/\/profeel.bzh\/wordpress\/wp-json\/wp\/v2\/posts\/16216","targetHints":{"allow":["GET"]}}],"collection":[{"href":"https:\/\/profeel.bzh\/wordpress\/wp-json\/wp\/v2\/posts"}],"about":[{"href":"https:\/\/profeel.bzh\/wordpress\/wp-json\/wp\/v2\/types\/post"}],"author":[{"embeddable":true,"href":"https:\/\/profeel.bzh\/wordpress\/wp-json\/wp\/v2\/users\/1"}],"replies":[{"embeddable":true,"href":"https:\/\/profeel.bzh\/wordpress\/wp-json\/wp\/v2\/comments?post=16216"}],"version-history":[{"count":0,"href":"https:\/\/profeel.bzh\/wordpress\/wp-json\/wp\/v2\/posts\/16216\/revisions"}],"wp:attachment":[{"href":"https:\/\/profeel.bzh\/wordpress\/wp-json\/wp\/v2\/media?parent=16216"}],"wp:term":[{"taxonomy":"category","embeddable":true,"href":"https:\/\/profeel.bzh\/wordpress\/wp-json\/wp\/v2\/categories?post=16216"},{"taxonomy":"post_tag","embeddable":true,"href":"https:\/\/profeel.bzh\/wordpress\/wp-json\/wp\/v2\/tags?post=16216"}],"curies":[{"name":"wp","href":"https:\/\/api.w.org\/{rel}","templated":true}]}}