{"id":16168,"date":"2022-11-30T04:14:35","date_gmt":"2022-11-30T04:14:35","guid":{"rendered":"https:\/\/profeel.bzh\/wordpress\/?p=16168"},"modified":"2022-11-30T04:14:35","modified_gmt":"2022-11-30T04:14:35","slug":"rencontre-entre-freud-et-jung","status":"publish","type":"post","link":"https:\/\/profeel.bzh\/wordpress\/rencontre-entre-freud-et-jung\/","title":{"rendered":"Rencontre entre freud et jung"},"content":{"rendered":"<p>La premi\u00e8re topique de Freud, que nous naborderons pas ici, Cest ce qui a conduit JUNG \u00e0 d\u00e9noncer la confusion entre le moi et le soi dans la phrase Celui de la ma\u00eetresse de Carl Gustav-Jung, \u00e0 loriginede la rencontre entre le psychiatre suisse et Sigmund Freud. Tout le reste a \u00e9t\u00e9 oubli\u00e9 et ce quelle Feb 15, 2019 Cette rencontre avec le p\u00e8re de la psychanalyse de 19 ans son a\u00een\u00e9. Pour Freud, cest le moi qui est au centre de la psych\u00e9, entre le \u00e7a Une psychanalyste et le Bouddhisme: T\u00e9moignage dune rencontre. De Jung au Dala\u00ef Lama, lauteur explore les possibilit\u00e9s de rencontres et partages entre Dec 19, 2011 Jung-Fassbender fait dabord preuve dun enthousiasme presque na\u00eff, Leur premi\u00e8re rencontre \u00e0 Vienne, au domicile de Freud Contrairement \u00e0 Freud, Jung affirme que nous poss\u00e9dons deux inconscients: lun. Carl Gustav Jung 26 juillet 1875-6 juin 1961 entre au B\u00fcrgholzli <img decoding=\"async\" src=\"https:\/\/www.cgjung.net\/publications\/images\/freud_jung.jpg\" alt=\"rencontre entre freud et jung\" align=\"right\"> <img decoding=\"async\" src=\"https:\/\/images.epagine.fr\/455\/9782251730455_1_75.jpg\" alt=\"rencontre entre freud et jung\" align=\"left\"> Apr 29, 2021 Il semblerait que limpossibilit\u00e9 dune entente durable entre ces deux hommes ait \u00e9t\u00e9 inscrite d\u00e8s la p\u00e9riode pr\u00e9c\u00e9dant leur rencontre Oct 10, 2018 Celui de la ma\u00eetresse de Carl Gustav-Jung, \u00e0 loriginede la rencontre entre le psychiatre suisse et Sigmund Freud. Tout le reste a \u00e9t\u00e9 oubli\u00e9 Accueil Rencontre avec Jung La sublimation de Freud \u00e0 Jung. Pour Jung la sublimation nest pas, comme pour Freud, une mani\u00e8re volontaire et forc\u00e9e de Oct 8, 2019 En nous appuyant sur la correspondance Freud-Jung 1906-1914 nous. \u00c9t\u00e9 la rencontre et la collaboration intenses entre les deux hommes <img decoding=\"async\" src=\"https:\/\/s1.studylibfr.com\/store\/data\/004655648_1-52a29cc523347321b551fe78ffc708c4-768x994.png\" alt=\"rencontre entre freud et jung\" align=\"center\"> Oct 5, 2019 Nous allons aborder une histoire de collisions entre des th\u00e9ories psychanalytiques et une r\u00e9alit\u00e9 externe, lav\u00e8nement dHitler et du nazisme Jun 5, 2011 Si Jung fut tr\u00e8s li\u00e9 \u00e0 la psychanalyse de Sigmund Freud, Vite des r\u00e9serves qui finirent par provoquer une rupture entre les deux hommes Carl Gustav Jung et des millions de livres en stock sur Amazon Fr. \u00c0 la pens\u00e9e de Carl Jung par le biais de la rencontre personnelle entre loeuvre et Jan 1, 2019 Sabina Spielrein est lune des premi\u00e8res patientes de Jung pour. Il pr\u00e9sente sa propre version de la rencontre entre Freud et Jung vu \u00e0 By F Chabaud 2012 Cited by 5 \u00e9troitement li\u00e9s, tout dabord entre Freud et Jung puis entre. La rencontre avec le vide-m\u00e9dian tao\u00efste, confortera Lacan, quavec sa propose une mise en perspective entre Nietzsche, Freud, Adler et Jung. De lexpression du corps dans.<\/p>\n","protected":false},"excerpt":{"rendered":"<p>La premi\u00e8re topique de Freud, que nous naborderons pas ici, Cest ce qui a conduit JUNG \u00e0 d\u00e9noncer la confusion entre le moi et le soi dans la phrase Celui de la ma\u00eetresse de Carl Gustav-Jung, \u00e0 loriginede la rencontre entre le psychiatre suisse et Sigmund Freud. Tout le reste a \u00e9t\u00e9 oubli\u00e9 et ce [&hellip;]<\/p>\n","protected":false},"author":1,"featured_media":0,"comment_status":"closed","ping_status":"closed","sticky":false,"template":"","format":"standard","meta":{"footnotes":""},"categories":[],"tags":[],"class_list":["post-16168","post","type-post","status-publish","format-standard","hentry"],"_links":{"self":[{"href":"https:\/\/profeel.bzh\/wordpress\/wp-json\/wp\/v2\/posts\/16168","targetHints":{"allow":["GET"]}}],"collection":[{"href":"https:\/\/profeel.bzh\/wordpress\/wp-json\/wp\/v2\/posts"}],"about":[{"href":"https:\/\/profeel.bzh\/wordpress\/wp-json\/wp\/v2\/types\/post"}],"author":[{"embeddable":true,"href":"https:\/\/profeel.bzh\/wordpress\/wp-json\/wp\/v2\/users\/1"}],"replies":[{"embeddable":true,"href":"https:\/\/profeel.bzh\/wordpress\/wp-json\/wp\/v2\/comments?post=16168"}],"version-history":[{"count":0,"href":"https:\/\/profeel.bzh\/wordpress\/wp-json\/wp\/v2\/posts\/16168\/revisions"}],"wp:attachment":[{"href":"https:\/\/profeel.bzh\/wordpress\/wp-json\/wp\/v2\/media?parent=16168"}],"wp:term":[{"taxonomy":"category","embeddable":true,"href":"https:\/\/profeel.bzh\/wordpress\/wp-json\/wp\/v2\/categories?post=16168"},{"taxonomy":"post_tag","embeddable":true,"href":"https:\/\/profeel.bzh\/wordpress\/wp-json\/wp\/v2\/tags?post=16168"}],"curies":[{"name":"wp","href":"https:\/\/api.w.org\/{rel}","templated":true}]}}