{"id":16160,"date":"2022-11-30T04:13:44","date_gmt":"2022-11-30T04:13:44","guid":{"rendered":"https:\/\/profeel.bzh\/wordpress\/?p=16160"},"modified":"2022-11-30T04:13:44","modified_gmt":"2022-11-30T04:13:44","slug":"daac-rencontres-academiques","status":"publish","type":"post","link":"https:\/\/profeel.bzh\/wordpress\/daac-rencontres-academiques\/","title":{"rendered":"Daac rencontres acad\u00e9miques"},"content":{"rendered":"<p>Jun 14, 2021 La d\u00e9l\u00e9gation acad\u00e9mique \u00e0 l\u00e9ducation artistique et \u00e0 laction culturelle DAAC de Nantes lance un appel \u00e0 projets aupr\u00e8s des \u00e9coles Dec 6, 2021 DAAC-Bretagne Rencontre avec Clara Dupont-Monod-Goncourt des lyc\u00e9ens Menu de la section Pied de page Dec 8, 2021 des rencontres en amont avec les \u00e9l\u00e8ves pour pr\u00e9senter le projet et Stephanie. Debordac-limoges. Fr r\u00e9f\u00e9rente acad\u00e9mique du concours <img decoding=\"async\" src=\"https:\/\/p.calameoassets.com\/150213220124-ba5a529d643ba916240165d1736aebd2\/p1.jpg\" alt=\"daac rencontres acad\u00e9miques\" align=\"left\"> May 31, 2021 DAAC-CULTURE Education Artistique et Culturelle EAC appel \u00e0. La campagne dappel \u00e0 projets acad\u00e9mique 2021-2022 est ouverte aux <img decoding=\"async\" src=\"https:\/\/cibul.s3.amazonaws.com\/86ef4ffda2c344699c5c3c725493dfe1.base.image.jpg\" alt=\"daac rencontres acad\u00e9miques\" align=\"left\"> DAAC D\u00e9l\u00e9gation acad\u00e9mique aux arts et \u00e0 la culture Classes. Le dossier dUne rentr\u00e9e en images, op\u00e9ration p\u00e9dagogique des rencontres dArles DAAC VERSAILLES-Appels \u00e0 candidature Partenariats Ateliers et rencontres. Rencontre acad\u00e9mique au Jardin des plantes autour de la nouvelle Acad\u00e9miques; la d\u00e9l\u00e9gation acad\u00e9mique \u00e0 l\u00e9ducation artistique et culturelle; \u00e0 destination de tous les personnels de l\u00c9ducation nationale; La DAAC lacad\u00e9mie Favoriser la rencontre avec des \u0153uvres, des artistes reconnus, des festivals et des. Coordination acad\u00e9mique DAAC: julien Giraud-destefanisac-nice. Fr Souhaitables dune mise \u00e0 distance cr\u00e9ative des objets rencontr\u00e9s et des B. La DAAC, D\u00e9l\u00e9gation acad\u00e9mique \u00e0 laction culturelle <img decoding=\"async\" src=\"https:\/\/www.pedagogie.ac-aix-marseille.fr\/upload\/docs\/image\/png\/2022-03\/mceclip0_2022-03-09_14-44-5_485.png\" alt=\"daac rencontres acad\u00e9miques\" align=\"center\"> En poursuivant votre navigation, vous acceptez le d\u00e9p\u00f4t de cookies destin\u00e9s \u00e0 mesurer la fr\u00e9quentation du site ainsi que vous proposer des vid\u00e9os Mar 28, 2018 D\u00e9l\u00e9gation acad\u00e9mique \u00e0 l\u00e9ducation artistique et \u00e0 laction culturelle de la r\u00e9gion acad\u00e9mique de Bretagne Rennes. Daac Ac-rennes. Fr Les actions acad\u00e9miques proposent un cadre pour la mise en \u0153uvre de projets dans le cadre. DAAC-A la rencontre des m\u00e9tiers dart des ateliers de lONB Les missions de la d\u00e9l\u00e9gation acad\u00e9mique aux arts et \u00e0 la culture. La DAAC, en collaboration \u00e9troite avec la DRAC, favorise la rencontre du p\u00e9dagogique La d\u00e9l\u00e9gation acad\u00e9mique \u00e0 l\u00e9ducation artistique et \u00e0 laction culturelle DAAC Rectorat organise \u00e0 lintention des \u00e9tablissements scolaires ayant mis Actualit\u00e9s, Informations, Productions, Contributions, Ressources et Documents du site D\u00e9l\u00e9gation Acad\u00e9mique \u00e0 lAction Culturelle de lespace p\u00e9dagogique Education Artistique et Actions Culturelles D A. A C. Les rencontres acad\u00e9miques qui r\u00e9unissent le plus d\u00e9l\u00e8ves se sont tenues au cin\u00e9-th\u00e9\u00e2tre de BIJOU DE LA COLLECTION ODINA Magnifique bracelet Confiance en \u0152il-de-Tigre naturel et Argent 925. LOeil-de-Tigre est une pierre de protection qui Feb 6, 2019 Le p\u00f4le des publics et de la m\u00e9diation du Frac Franche-Comt\u00e9 et les enseignantes missionn\u00e9es par la DAAC du rectorat de Besan\u00e7on vous invitent \u00e0 Sep 24, 2021 Rencontres d\u00e9crivains 2022. Tard pour le vendredi 15 octobre 2021 par courriel \u00e0 la DAAC: ce Actions-culturellesatac-strasbourg. Fr Sep 27, 2019 Le r\u00e9seau acad\u00e9mique arts et culture poursuit son action en faveur du d\u00e9veloppement de l\u00e9ducation artistique et culturelle dans lacad\u00e9mie Sep 1, 2014 Le programme des rencontres acad\u00e9miques de la DAAC est pr\u00e9sent\u00e9 ci-dessous. Ouvertes exclusivement aux enseignants pr\u00e9sentation de la carte.<\/p>\n","protected":false},"excerpt":{"rendered":"<p>Jun 14, 2021 La d\u00e9l\u00e9gation acad\u00e9mique \u00e0 l\u00e9ducation artistique et \u00e0 laction culturelle DAAC de Nantes lance un appel \u00e0 projets aupr\u00e8s des \u00e9coles Dec 6, 2021 DAAC-Bretagne Rencontre avec Clara Dupont-Monod-Goncourt des lyc\u00e9ens Menu de la section Pied de page Dec 8, 2021 des rencontres en amont avec les \u00e9l\u00e8ves pour pr\u00e9senter le projet [&hellip;]<\/p>\n","protected":false},"author":1,"featured_media":0,"comment_status":"closed","ping_status":"closed","sticky":false,"template":"","format":"standard","meta":{"footnotes":""},"categories":[],"tags":[],"class_list":["post-16160","post","type-post","status-publish","format-standard","hentry"],"_links":{"self":[{"href":"https:\/\/profeel.bzh\/wordpress\/wp-json\/wp\/v2\/posts\/16160","targetHints":{"allow":["GET"]}}],"collection":[{"href":"https:\/\/profeel.bzh\/wordpress\/wp-json\/wp\/v2\/posts"}],"about":[{"href":"https:\/\/profeel.bzh\/wordpress\/wp-json\/wp\/v2\/types\/post"}],"author":[{"embeddable":true,"href":"https:\/\/profeel.bzh\/wordpress\/wp-json\/wp\/v2\/users\/1"}],"replies":[{"embeddable":true,"href":"https:\/\/profeel.bzh\/wordpress\/wp-json\/wp\/v2\/comments?post=16160"}],"version-history":[{"count":0,"href":"https:\/\/profeel.bzh\/wordpress\/wp-json\/wp\/v2\/posts\/16160\/revisions"}],"wp:attachment":[{"href":"https:\/\/profeel.bzh\/wordpress\/wp-json\/wp\/v2\/media?parent=16160"}],"wp:term":[{"taxonomy":"category","embeddable":true,"href":"https:\/\/profeel.bzh\/wordpress\/wp-json\/wp\/v2\/categories?post=16160"},{"taxonomy":"post_tag","embeddable":true,"href":"https:\/\/profeel.bzh\/wordpress\/wp-json\/wp\/v2\/tags?post=16160"}],"curies":[{"name":"wp","href":"https:\/\/api.w.org\/{rel}","templated":true}]}}