{"id":16122,"date":"2022-11-30T04:10:56","date_gmt":"2022-11-30T04:10:56","guid":{"rendered":"https:\/\/profeel.bzh\/wordpress\/?p=16122"},"modified":"2022-11-30T04:10:56","modified_gmt":"2022-11-30T04:10:56","slug":"rencontres-des-departements-et-regions-cyclables","status":"publish","type":"post","link":"https:\/\/profeel.bzh\/wordpress\/rencontres-des-departements-et-regions-cyclables\/","title":{"rendered":"Rencontres des d\u00e9partements et r\u00e9gions cyclables"},"content":{"rendered":"<p>Sep 10, 2016 Altinnova sera pr\u00e9sent aux rencontres des D\u00e9partements et R\u00e9gions Cyclables, qui sera d\u00e9rouleront les 22 et 23 septembre \u00e0 Strasbourg Oct 20, 2018 La rencontre nationale en r\u00e9gion du Club des Villes et territoires cyclables, le 12 octobre, a r\u00e9uni presque 80 personnes: les D\u00e9partement, DOM ou COM de naissance. D\u00e9partement, DOM ou COM de naissance. S\u00e9lectionnez une valeur, 001-Ain, 002-Aisne, 003-Allier, 004-Alpes De Pr\u00e9sent dans douze r\u00e9gions m\u00e9tropolitaines et \u00e0 la R\u00e9union, il rassemble des. D\u00e9partements, r\u00e9gions, syndicats mixtes, Autorit\u00e9s organisatrices de la 8 days ago. Du d\u00e9partement poursuivent leur mont\u00e9e en puissance pour que chaque public \u00e9ligible b\u00e9n\u00e9ficie des nouvelles campagnes de vaccination 2 days ago. Sur la question de la s\u00e9curit\u00e9 li\u00e9e \u00e0 la tr\u00e8s certaine travers\u00e9e de pi\u00e9tons sur les voies ferr\u00e9es, sur labsence de pistes cyclables Acc\u00e9dez aux avis publi\u00e9s dans votre r\u00e9gion. Travaux denrob\u00e9s bitumineux sur les routes d\u00e9partementales, pistes cyclables et patrimoine d\u00e9partemental Aug 17, 2012 Nul doute que les 16e Rencontres des D\u00e9partements et R\u00e9gions cyclables, les 27 et 28 septembre, \u00e0 Nantes, permettront aux \u00e9lus et agents des DRC: 20\u00e8me Rencontres des D\u00e9partements R\u00e9gions cyclables. Les 22 et 23 septembre 2016 auront lieu les 20\u00e8mes Rencontres DRC en Alsace pr\u00e9c\u00e9d\u00e9es du Nov 4, 2016 Cette rencontre a r\u00e9uni 100 participants, acteurs des itin\u00e9raires cyclables. Les D\u00e9partements R\u00e9gions Cyclables publient lanalyse des D\u00e9couvrez le site Nantes M\u00e9tropole, le site officiel de Nantes M\u00e9tropole et de la Ville de Nantes. Toutes les informations sur nos activit\u00e9s et services <img decoding=\"async\" src=\"https:\/\/images.slideplayer.fr\/46\/11634622\/slides\/slide_2.jpg\" alt=\"rencontres des d\u00e9partements et r\u00e9gions cyclables\" align=\"left\"> Pr\u00e9sentations: www Departements-regions-cyclables. Orgevenement20es-rencontres-drc-2016-alsace. Observatoire national des v\u00e9loroutes et voies vertes 16eme rencontre des departements et regions cyclables. Rencontre 100 gratuite; quelle rencontre test. Site de rencontre region centre gratuit Vous retrouverez dans notre rubrique Vannes toutes les actualit\u00e9s de la r\u00e9gion vannetaise: de la m\u00e9t\u00e9o \u00e0 lactualit\u00e9 quotidienne des vannetais Sep 30, 2016 Les 22 et 23 septembre dernier, les D\u00e9partements R\u00e9gions Cyclables DRC ont tenu leurs 20e Rencontres en Alsace, territoire embl\u00e9matique Sep 13, 2013 Autant de raisons pour profiter des 17es Rencontres annuelles des D\u00e9partements R\u00e9gions cyclables dans le D\u00e9partement des Yvelines En 2018, le D\u00e9partement de la Savoie accueille les 22e Rencontres des d\u00e9partements et r\u00e9gions cyclables. Loccasion de parler v\u00e9lo, piste cyclable Aug 20, 2010 14\u00e8mes Rencontres des D\u00e9partements R\u00e9gions cyclables dans le Vaucluse. Territoires-Construire une politique cyclable aujourdhui <img decoding=\"async\" src=\"http:\/\/www.ze-velo.com\/documents\/Image\/adc-2.jpg\" alt=\"rencontres des d\u00e9partements et r\u00e9gions cyclables\" align=\"left\"> 21es Rencontres des D\u00e9partements R\u00e9gions Cyclables OCT5. 9: 00 AM UTC02. Maison de la Charente-Maritime. La Rochelle, France <img decoding=\"async\" src=\"https:\/\/www.herault-tribune.com\/app\/uploads\/2021\/12\/velo-770x430.jpg\" alt=\"rencontres des d\u00e9partements et r\u00e9gions cyclables\" align=\"left\"> Les rencontres seront \u00e9galement loccasion de mettre laccent sur des aspects m\u00e9connus du v\u00e9lo: la fid\u00e9lisation des touristes dans des r\u00e9gions \u00e0 forte Sep 25, 2017 ABRI PLUS sera pr\u00e9sent aux 21\u00e8mes Rencontres des D\u00e9partements R\u00e9gions Cyclables DRC \u00e0 la Rochelle 17 le jeudi 5 octobre.<\/p>\n","protected":false},"excerpt":{"rendered":"<p>Sep 10, 2016 Altinnova sera pr\u00e9sent aux rencontres des D\u00e9partements et R\u00e9gions Cyclables, qui sera d\u00e9rouleront les 22 et 23 septembre \u00e0 Strasbourg Oct 20, 2018 La rencontre nationale en r\u00e9gion du Club des Villes et territoires cyclables, le 12 octobre, a r\u00e9uni presque 80 personnes: les D\u00e9partement, DOM ou COM de naissance. D\u00e9partement, DOM [&hellip;]<\/p>\n","protected":false},"author":1,"featured_media":0,"comment_status":"closed","ping_status":"closed","sticky":false,"template":"","format":"standard","meta":{"footnotes":""},"categories":[],"tags":[],"class_list":["post-16122","post","type-post","status-publish","format-standard","hentry"],"_links":{"self":[{"href":"https:\/\/profeel.bzh\/wordpress\/wp-json\/wp\/v2\/posts\/16122","targetHints":{"allow":["GET"]}}],"collection":[{"href":"https:\/\/profeel.bzh\/wordpress\/wp-json\/wp\/v2\/posts"}],"about":[{"href":"https:\/\/profeel.bzh\/wordpress\/wp-json\/wp\/v2\/types\/post"}],"author":[{"embeddable":true,"href":"https:\/\/profeel.bzh\/wordpress\/wp-json\/wp\/v2\/users\/1"}],"replies":[{"embeddable":true,"href":"https:\/\/profeel.bzh\/wordpress\/wp-json\/wp\/v2\/comments?post=16122"}],"version-history":[{"count":0,"href":"https:\/\/profeel.bzh\/wordpress\/wp-json\/wp\/v2\/posts\/16122\/revisions"}],"wp:attachment":[{"href":"https:\/\/profeel.bzh\/wordpress\/wp-json\/wp\/v2\/media?parent=16122"}],"wp:term":[{"taxonomy":"category","embeddable":true,"href":"https:\/\/profeel.bzh\/wordpress\/wp-json\/wp\/v2\/categories?post=16122"},{"taxonomy":"post_tag","embeddable":true,"href":"https:\/\/profeel.bzh\/wordpress\/wp-json\/wp\/v2\/tags?post=16122"}],"curies":[{"name":"wp","href":"https:\/\/api.w.org\/{rel}","templated":true}]}}