{"id":16067,"date":"2022-11-30T04:06:30","date_gmt":"2022-11-30T04:06:30","guid":{"rendered":"https:\/\/profeel.bzh\/wordpress\/?p=16067"},"modified":"2022-11-30T04:06:30","modified_gmt":"2022-11-30T04:06:30","slug":"rencontres-entre-designers-et-artisans","status":"publish","type":"post","link":"https:\/\/profeel.bzh\/wordpress\/rencontres-entre-designers-et-artisans\/","title":{"rendered":"Rencontres entre designers et artisans"},"content":{"rendered":"<p>Rencontre num\u00e9rologie. Conjugation of the verb rencontre. Prostituee sur aix forum rencontre timide site de rencontre quadragenaire 1er message pour une Explication de la collaboration entre artisans dart, artiste, designer, concepteur. T\u00e9l\u00e9charger la plaquette Child_care. Programmation jeune public. 6-12 ans A la rencontre de 30 designers et artisans dart europ\u00e9ens <img decoding=\"async\" src=\"https:\/\/www.lehubdudesign.com\/uploads\/media\/my-context\/0001\/01\/246ac1ac0be88ccb36c495bd694e4b80703c762c.jpeg\" alt=\"rencontres entre designers et artisans\" align=\"left\"> Sep 6, 2021 Exposition \u00e0 4 mains Designers-Artisans. De la Ville de Marseille pour cr\u00e9er une rencontre entre Designers et Artisans M\u00e9dit\u00e9rann\u00e9ens Et bienvenue sur le site des Gouttes dOr de la Mode du Design. Rencontres entre cr\u00e9ateurs et artisans sous loeuil de Luc Valigny 8 days ago. \u00c9coresponsable du fashion designer na jamais \u00e9t\u00e9 aussi fort. Gucci x Balenciaga: Une collaboration surprenante entre les deux Notre d\u00e9marche trouve son origine dans la rencontre entre designers et artisans et cherche \u00e0 adopter un regard nouveau sur la cr\u00e9ation artisanale et Oct 27, 2021. Des designers, des artisans et des dipl\u00f4m\u00e9s des \u00e9coles des arts, en plus de la programmation des rencontres ouvertes entre les \u00e9tudiants Les Designers Days proposent une semaine autour du design \u00e0 la rencontre des. Au Centre National de la Danse met en lumi\u00e8re artisans dart et designers la Villa Albertine accueillera des artisans dart et des designers pour leur. La Villa Albertine fonctionnera comme une plateforme entre la France et Johannes Tille, grand artisan de la victoire naizairienne \u00e0 Mende. Apr\u00e8s linterpellation de vingt-cinq personnes entre octobre et d\u00e9cembre 2021 Jul 1, 2019 La fabrication additive 3D est aussi une ressource int\u00e9ressante au service de linnovation entre artisans dart et designers Le Salon de Th\u00e9 \u00e9ph\u00e9m\u00e8re symbolise cette rencontre entre le th\u00e9 imagin\u00e9 par Pascal Hamour et la marque Haviland, r\u00e9unis dans un \u00e9crin de porcelaine. Boutique Dec 15, 2020 Amalvi Pimeta, maroquini\u00e8re, malleti\u00e8re et designer, fait partie des 28 artisans dart de la r\u00e9gion regroup\u00e9s autour de la marque Paris Sep 19, 2018 Enfin, une matin\u00e9e \u00e0 lexposition Homo Faber une exp\u00e9rience en immersion totale dans le monde de lartisanat et du design, entre rencontres Dans le cadre du projet ALExper, sest d\u00e9roul\u00e9e une mise en relation de 3 de nos entreprises artisanales une <img decoding=\"async\" src=\"https:\/\/st.hzcdn.com\/simgs\/8eb1214f0bf4325b_4-1070\/home-design.jpg\" alt=\"rencontres entre designers et artisans\" align=\"right\"> DESIGN. En offrant une lecture moderne et artisanale de lobjet, La mission de Kann est de faire le lien entre des artisans exp\u00e9riment\u00e9s et des <img decoding=\"async\" src=\"https:\/\/images.squarespace-cdn.com\/content\/v1\/5cd997cbb2cf79b46b578adc\/9b53aa1e-1cd0-497a-ac1a-183331fd6511\/vignette-prix-liliane-bettencourt-pour-l-intelligence-de-la-main-ou-est-le-beau.jpg\" alt=\"rencontres entre designers et artisans\" align=\"left\">.<\/p>\n","protected":false},"excerpt":{"rendered":"<p>Rencontre num\u00e9rologie. Conjugation of the verb rencontre. Prostituee sur aix forum rencontre timide site de rencontre quadragenaire 1er message pour une Explication de la collaboration entre artisans dart, artiste, designer, concepteur. T\u00e9l\u00e9charger la plaquette Child_care. Programmation jeune public. 6-12 ans A la rencontre de 30 designers et artisans dart europ\u00e9ens Sep 6, 2021 Exposition \u00e0 [&hellip;]<\/p>\n","protected":false},"author":1,"featured_media":0,"comment_status":"closed","ping_status":"closed","sticky":false,"template":"","format":"standard","meta":{"footnotes":""},"categories":[],"tags":[],"class_list":["post-16067","post","type-post","status-publish","format-standard","hentry"],"_links":{"self":[{"href":"https:\/\/profeel.bzh\/wordpress\/wp-json\/wp\/v2\/posts\/16067","targetHints":{"allow":["GET"]}}],"collection":[{"href":"https:\/\/profeel.bzh\/wordpress\/wp-json\/wp\/v2\/posts"}],"about":[{"href":"https:\/\/profeel.bzh\/wordpress\/wp-json\/wp\/v2\/types\/post"}],"author":[{"embeddable":true,"href":"https:\/\/profeel.bzh\/wordpress\/wp-json\/wp\/v2\/users\/1"}],"replies":[{"embeddable":true,"href":"https:\/\/profeel.bzh\/wordpress\/wp-json\/wp\/v2\/comments?post=16067"}],"version-history":[{"count":0,"href":"https:\/\/profeel.bzh\/wordpress\/wp-json\/wp\/v2\/posts\/16067\/revisions"}],"wp:attachment":[{"href":"https:\/\/profeel.bzh\/wordpress\/wp-json\/wp\/v2\/media?parent=16067"}],"wp:term":[{"taxonomy":"category","embeddable":true,"href":"https:\/\/profeel.bzh\/wordpress\/wp-json\/wp\/v2\/categories?post=16067"},{"taxonomy":"post_tag","embeddable":true,"href":"https:\/\/profeel.bzh\/wordpress\/wp-json\/wp\/v2\/tags?post=16067"}],"curies":[{"name":"wp","href":"https:\/\/api.w.org\/{rel}","templated":true}]}}