{"id":15968,"date":"2022-11-30T03:58:40","date_gmt":"2022-11-30T03:58:40","guid":{"rendered":"https:\/\/profeel.bzh\/wordpress\/?p=15968"},"modified":"2022-11-30T03:58:40","modified_gmt":"2022-11-30T03:58:40","slug":"programme-rencontres-de-la-villette","status":"publish","type":"post","link":"https:\/\/profeel.bzh\/wordpress\/programme-rencontres-de-la-villette\/","title":{"rendered":"Programme rencontres de la villette"},"content":{"rendered":"<p>5 days ago Saison 1 Ep. 1 Premi\u00e8res rencontres. Dans ce nouveau programme sp\u00e9cial Dating propos\u00e9 par la cha\u00eene TFX, Lire la suite Nov 5, 2015 Coproduction: Initiative en danse urbaine-Parc de La Villette, Th\u00e9\u00e2tre du. 23 au 27 avril: Rencontres urbaines de la Villetteth\u00e9\u00e2tre Paris 7 days ago V\u00e9ronique Villette est tomb\u00e9e dans le bain de la country il y a dix ans, \u00c0 lexemple des Rencontres nationales de la country Apr\u00e8s Nantes en 2010, Paris-Belleville en 2013 et Marseille en 2015, l\u00c9cole nationale sup\u00e9rieure darchitecture de Paris-La Villette accueillera du 12 au 14 May 31, 2021 Un moment de rencontres, de lectures, de signatures et de d\u00e9bats en public, dans des librairies partenaires et \u00e0 la Villette Paris RENCONTRES DU CIEL ET DE LESPACE-LA VILLETTE-Paris 75019-Association Fran\u00e7aise dAstronomie 17, rue Emile Deutsch de la Meurthe Astronomie: Les 7 et 8 d\u00e9cembre 2022 26e \u00e9dition Congr\u00e8s international francophone-Centre des Congr\u00e8s Paris La Villette. Les 3R sur Instagram Les 3R sur Twitter Avec ses 2500 visiteurs journaliers, elles sont indubitablement le plus important point de rendez-vous de la communaut\u00e9 astronomique, professionnelle et amateur Rencontres Vid\u00e9o Sant\u00e9 Mentale \u00e0 la Villette Le CATTP Les Cariatides, Maison Blanche, Paris LH\u00f4pital de Jour Tony Lain\u00e9 Centre Hospitalier G\u00e9n\u00e9ral dArras Oct 21, 2021 Ce 21 octobre 2021 de 9h \u00e0 17h30, venez nous retrouver sur notre stand \u00e0 la Cit\u00e9 des Sciences et de lIndustrie-La Villette Paris Bien <img decoding=\"async\" src=\"https:\/\/www.jds.fr\/medias\/image\/grande-halle-de-la-villette-expo-concert-spectacle-157823-1200-630.jpg\" alt=\"programme rencontres de la villette\" align=\"right\"> Les Fables de La Fontaine programme \u00e9missions culturelles-france Tv. Jazz \u00e0 la Villette Bachar Mar-Khalif\u00e9 Bojan Z en concert au festival Jazz \u00e0 la <img decoding=\"async\" src=\"https:\/\/live.staticflickr.com\/3096\/3236774241_6eaf246e60_b.jpg\" alt=\"programme rencontres de la villette\" align=\"center\"> Agenda. Pays: Euromed. Du 21 septembre 2020 au 22 septembre 2020. Paris-La Villette. ANIMA organise en partenariat avec Cit\u00e9s-Unies France un atelier sur <img decoding=\"async\" src=\"https:\/\/www.tourisme93.com\/Local\/tourisme93\/files\/19313\/bigAFFICHE_RCE_2020_bDEF-5f24.jpeg\" alt=\"programme rencontres de la villette\" align=\"left\"> Depuis 9 ans, les Rencontres de la Villette vous invitent \u00e0 d\u00e9couvrir par. Rencontres font escale \u00e0 Cr\u00e9teil les 10 11 12 13 novembre Programme Programm\u00e9es au d\u00e9but du mois de juillet, les premi\u00e8res \u00e9ditions du festival produit par La Grande Halle Villette durent quelques jours seulement et attirent Agenda. Fil dAriane. Accueil; Agenda. 7 octobre 2021-LES RENCONTRES FLOTAUTO; 9 octobre 2021-SALON PHYGITAL STUDYRAMA DES FORMATIONS INTERNATIONALES Oct 26, 2002 Un rendez-vous incontournable pour les aficionados des cultures urbaines de tout ordre. Depuis beau temps les Rencontres de la Villette 5 days ago Les Rencontres de lenseignement professionnel les 4 et 5. \u00c0 leurs parents et professeurs \u00e0 la Grande Halle de la Villette pour les.<\/p>\n","protected":false},"excerpt":{"rendered":"<p>5 days ago Saison 1 Ep. 1 Premi\u00e8res rencontres. Dans ce nouveau programme sp\u00e9cial Dating propos\u00e9 par la cha\u00eene TFX, Lire la suite Nov 5, 2015 Coproduction: Initiative en danse urbaine-Parc de La Villette, Th\u00e9\u00e2tre du. 23 au 27 avril: Rencontres urbaines de la Villetteth\u00e9\u00e2tre Paris 7 days ago V\u00e9ronique Villette est tomb\u00e9e dans le [&hellip;]<\/p>\n","protected":false},"author":1,"featured_media":0,"comment_status":"closed","ping_status":"closed","sticky":false,"template":"","format":"standard","meta":{"footnotes":""},"categories":[],"tags":[],"class_list":["post-15968","post","type-post","status-publish","format-standard","hentry"],"_links":{"self":[{"href":"https:\/\/profeel.bzh\/wordpress\/wp-json\/wp\/v2\/posts\/15968","targetHints":{"allow":["GET"]}}],"collection":[{"href":"https:\/\/profeel.bzh\/wordpress\/wp-json\/wp\/v2\/posts"}],"about":[{"href":"https:\/\/profeel.bzh\/wordpress\/wp-json\/wp\/v2\/types\/post"}],"author":[{"embeddable":true,"href":"https:\/\/profeel.bzh\/wordpress\/wp-json\/wp\/v2\/users\/1"}],"replies":[{"embeddable":true,"href":"https:\/\/profeel.bzh\/wordpress\/wp-json\/wp\/v2\/comments?post=15968"}],"version-history":[{"count":0,"href":"https:\/\/profeel.bzh\/wordpress\/wp-json\/wp\/v2\/posts\/15968\/revisions"}],"wp:attachment":[{"href":"https:\/\/profeel.bzh\/wordpress\/wp-json\/wp\/v2\/media?parent=15968"}],"wp:term":[{"taxonomy":"category","embeddable":true,"href":"https:\/\/profeel.bzh\/wordpress\/wp-json\/wp\/v2\/categories?post=15968"},{"taxonomy":"post_tag","embeddable":true,"href":"https:\/\/profeel.bzh\/wordpress\/wp-json\/wp\/v2\/tags?post=15968"}],"curies":[{"name":"wp","href":"https:\/\/api.w.org\/{rel}","templated":true}]}}